{"id":266756,"date":"2014-06-21T08:44:49","date_gmt":"2014-06-21T06:44:49","guid":{"rendered":"http:\/\/www.ivg.it\/?p=266756"},"modified":"2014-06-21T17:18:19","modified_gmt":"2014-06-21T15:18:19","slug":"raccolta-di-firme-del-comitato-parenti-degli-ospiti-della-vada-sabatia-al-trasferimento-non-sono-pacchi-postali","status":"publish","type":"post","link":"https:\/\/staging.ivg.it\/2014\/06\/raccolta-di-firme-del-comitato-parenti-degli-ospiti-della-vada-sabatia-al-trasferimento-non-sono-pacchi-postali\/","title":{"rendered":"Raccolta di firme del Comitato Parenti degli ospiti della Vada Sabatia: &#8220;No al trasferimento, non sono &#8216;pacchi postali'&#8221;"},"content":{"rendered":"<p><strong>Vado L.<\/strong> &#8220;Riteniamo non sia giusto fare di tutta un erba un fascio&#8221;. E&#8217; uno dei passaggi della lettera scritta dal Comitato Parenti unitamente ai familiari degli ospiti della rsa Vada Sabatia di Vado che si sono attivati con una raccolta di firme per difendere gli operatori non coinvolti nell&#8217;inchiesta sui maltrattamenti e per chiedere di evitare la chiusura della struttura.<\/p>\n<p>&#8220;Il Comitato Parenti unitamente ai familiari degli ospiti della struttura sanitaria Vada Sabatia &#8211; esordisce la lettera -, in seguito agli episodi di maltrattamenti a disabili psichici ricoverati presso il nucleo 3D (e non presso altri nuclei), ed alla consequenziale decisione adottata dall&#8217;Asl 2 Savonese di rescindere il contratto con il gruppo milanese Segesta vogliamo precisare alcuni concetti. La decisione di far ricoverare i propri cari non \u00e8 stata di certo egoista n\u00e9 facile, ma assai sofferta e dovuta in quanto non era possibile assisterli diversamente presso il domicilio. Abbiamo potuto constatare che, nonostante alcuni disservizi tipici di qualsiasi struttura per anziani, la maggior parte del personale addetto all&#8217;assistenza degli ospiti, pur non essendo dotato della qualifica professionale richiesta (la cui mancanza doveva per\u00f2 essere accertata ancor prima dello svolgersi di questi gravi episodi), ha sempre operato in modo scrupoloso e umano per cui riteniamo non sia giusto fare di tutta un erba un fascio&#8221;.<\/p>\n<p>&#8220;Il trasferimento dei propri cari, che ormai si sono ambientati dove si trovano, in altre strutture provocherebbe loro uno choc non indifferente perch\u00e8 si tratta di persone anziane, disabili e deboli e non di \u201cpacchi postali\u201d, senza tener conto dei disagi su noi familiari che ogni giorno prestiamo assistenza e portiamo loro affetto. E&#8217; il caso di ricordare che si tratta di duecento persone per cui non sarebbe certo facile trovare loro una nuova sistemazione in zona perch\u00e9 le strutture limitrofe non sono in grado di accogliere cos\u00ec tante persone in poco tempo. Non vogliamo sindacare sulle decisioni adottate perch\u00e9 supponiamo e speriamo che siano state prese in quanto dovute dopo ampia valutazione, vogliamo bens\u00ec rimarcare che esistiamo anche noi ai quali nessuno pensa e non \u00e8 giusto che alla fine a rimetterci siano sempre i pi\u00f9 deboli: noi, i nostri congiunti e gli operatori che pur avendo lavorato seriamente e coscienziosamente rischiano di perdere il posto di lavoro in un periodo di grave crisi occupazionale&#8221; aggiungono i parenti degli ospiti della Rsa. <\/p>\n<p>&#8220;Auspichiamo quindi e ci affidiamo alla vostra umanit\u00e0 perch\u00e9 vengano valutate tutte le possibili opportunit\u00e0 per scongiurare la chiusura della struttura, semmai con il subentro di uno p pi\u00f9 nuovi gestori, poich\u00e9 se ci\u00f2 avvenisse sarebbero veramente molte le persone innocenti che dovrebbero pagare ingiustamente per l&#8217;operato increscioso di pochi individui senza scrupolo&#8221; conclude il Comitato Parenti.<\/p>\n","protected":false},"excerpt":{"rendered":"<p>Vado L. &#8220;Riteniamo non sia giusto fare di tutta un erba un fascio&#8221;. E&#8217; uno dei passaggi della lettera scritta dal Comitato Parenti unitamente ai familiari degli ospiti della rsa Vada Sabatia di Vado che si sono attivati con una raccolta di firme per difendere gli operatori non coinvolti nell&#8217;inchiesta sui maltrattamenti e per chiedere [&hellip;]<\/p>\n","protected":false},"author":13744,"featured_media":0,"comment_status":"open","ping_status":"closed","sticky":false,"template":"","format":"standard","meta":{"footnotes":""},"categories":[34],"tags":[53354,6523,3939,261],"class_list":["post-266756","post","type-post","status-publish","format-standard","hentry","category-cronaca","tag-maltrattamenti-vada-sabatia","tag-raccolta-firme","tag-vada-sabatia","tag-vado","post_cat_citta-vado-ligure"],"amp_validity":null,"amp_enabled":true,"_links":{"self":[{"href":"https:\/\/staging.ivg.it\/ediapi\/wp\/v2\/posts\/266756","targetHints":{"allow":["GET"]}}],"collection":[{"href":"https:\/\/staging.ivg.it\/ediapi\/wp\/v2\/posts"}],"about":[{"href":"https:\/\/staging.ivg.it\/ediapi\/wp\/v2\/types\/post"}],"author":[{"embeddable":true,"href":"https:\/\/staging.ivg.it\/ediapi\/wp\/v2\/users\/13744"}],"replies":[{"embeddable":true,"href":"https:\/\/staging.ivg.it\/ediapi\/wp\/v2\/comments?post=266756"}],"version-history":[{"count":0,"href":"https:\/\/staging.ivg.it\/ediapi\/wp\/v2\/posts\/266756\/revisions"}],"wp:attachment":[{"href":"https:\/\/staging.ivg.it\/ediapi\/wp\/v2\/media?parent=266756"}],"wp:term":[{"taxonomy":"category","embeddable":true,"href":"https:\/\/staging.ivg.it\/ediapi\/wp\/v2\/categories?post=266756"},{"taxonomy":"post_tag","embeddable":true,"href":"https:\/\/staging.ivg.it\/ediapi\/wp\/v2\/tags?post=266756"}],"curies":[{"name":"wp","href":"https:\/\/api.w.org\/{rel}","templated":true}]}}