{"id":265774,"date":"2014-06-06T17:45:02","date_gmt":"2014-06-06T15:45:02","guid":{"rendered":"http:\/\/www.ivg.it\/?p=265774"},"modified":"2014-06-06T17:45:02","modified_gmt":"2014-06-06T15:45:02","slug":"albissola-aperto-il-nuovo-parcheggio-di-via-delle-industrie-27-posti-disposizione-dei-cittadini","status":"publish","type":"post","link":"https:\/\/staging.ivg.it\/2014\/06\/albissola-aperto-il-nuovo-parcheggio-di-via-delle-industrie-27-posti-disposizione-dei-cittadini\/","title":{"rendered":"Albissola, aperto il nuovo parcheggio di via delle Industrie: 27 posti a disposizione dei cittadini"},"content":{"rendered":"<p><strong>Albissola<\/strong>. Inaugurato, ad Albissola, il nuovo parcheggio comunale in via delle Industrie, dotato di una superficie di circa 580 metri quadrati e che vede 27 nuovi stalli auto, tutti riservati ai residenti del quartiere, andando a potenziare l&#8217;offerta di parcheggi per chi abita nella zona. Inoltre sono stati piantati alcuni ulivi, e realizzato un nuovo impianto di illuminazione che, a breve, entrer\u00e0 in funzione non appena l&#8217;azienda fornitrice dell&#8217;energia provveder\u00e0 alla messa in opera del contatore. <\/p>\n<p>Il sindaco Nasuti commenta: &#8220;Salutiamo con soddisfazione l&#8217;apertura di questo nuovo parcheggio, un luogo utile per il quartiere, con il quale si \u00e8 condiviso il percorso e le finalit\u00e0 di destinazione d&#8217;uso. Questo intervento che oggi vediamo finalmente operativo e a disposizione dei cittadini \u00e8 un esempio di buona continuit\u00e0 tra amministrazioni. Questi sono i primi 27 nuovi stalli dei circa cento nuovi parcheggi che intendiamo realizzare in varie zone della citt\u00e0&#8221;. <\/p>\n<p>L&#8217;assessore ai Lavori Pubblici Luigi Silvestro: &#8220;Questa area parcheggio comunale \u00e8 stata realizzata a scomputo degli oneri del ex area camper ed i lavori relativi sono iniziati a febbraio 2013 e finiti proprio in questi giorni con la posa della segnaletica e il completamento dell&#8217;iter amministrativo per l&#8217;acquisizione dell&#8217;area da parte del Comune. La conclusione dei lavori di realizzazione di questa nuova area parcheggio, rappresenta il primo passo per un riordino complessivo dei parcheggi comunali, una riorganizzazione che va ad inserirsi a pieno titolo nella predisposizione del futuro Piano della Sosta che intendiamo sviluppare nel corso del mandato tenendo conto delle esigenze dei residenti e degli operatori economici&#8221;. <\/p>\n","protected":false},"excerpt":{"rendered":"<p>Albissola. Inaugurato, ad Albissola, il nuovo parcheggio comunale in via delle Industrie, dotato di una superficie di circa 580 metri quadrati e che vede 27 nuovi stalli auto, tutti riservati ai residenti del quartiere, andando a potenziare l&#8217;offerta di parcheggi per chi abita nella zona. Inoltre sono stati piantati alcuni ulivi, e realizzato un nuovo [&hellip;]<\/p>\n","protected":false},"author":13744,"featured_media":0,"comment_status":"open","ping_status":"closed","sticky":false,"template":"","format":"standard","meta":{"footnotes":""},"categories":[31],"tags":[699,26723,8317,2909],"class_list":["post-265774","post","type-post","status-publish","format-standard","hentry","category-politica","tag-albissola","tag-gianluca-nasuti","tag-luigi-silvestro","tag-parcheggio","post_cat_citta-albissola-marina"],"amp_validity":null,"amp_enabled":true,"_links":{"self":[{"href":"https:\/\/staging.ivg.it\/ediapi\/wp\/v2\/posts\/265774","targetHints":{"allow":["GET"]}}],"collection":[{"href":"https:\/\/staging.ivg.it\/ediapi\/wp\/v2\/posts"}],"about":[{"href":"https:\/\/staging.ivg.it\/ediapi\/wp\/v2\/types\/post"}],"author":[{"embeddable":true,"href":"https:\/\/staging.ivg.it\/ediapi\/wp\/v2\/users\/13744"}],"replies":[{"embeddable":true,"href":"https:\/\/staging.ivg.it\/ediapi\/wp\/v2\/comments?post=265774"}],"version-history":[{"count":0,"href":"https:\/\/staging.ivg.it\/ediapi\/wp\/v2\/posts\/265774\/revisions"}],"wp:attachment":[{"href":"https:\/\/staging.ivg.it\/ediapi\/wp\/v2\/media?parent=265774"}],"wp:term":[{"taxonomy":"category","embeddable":true,"href":"https:\/\/staging.ivg.it\/ediapi\/wp\/v2\/categories?post=265774"},{"taxonomy":"post_tag","embeddable":true,"href":"https:\/\/staging.ivg.it\/ediapi\/wp\/v2\/tags?post=265774"}],"curies":[{"name":"wp","href":"https:\/\/api.w.org\/{rel}","templated":true}]}}