{"id":265592,"date":"2014-06-04T14:02:52","date_gmt":"2014-06-04T12:02:52","guid":{"rendered":"http:\/\/www.ivg.it\/?p=265592"},"modified":"2014-06-04T17:19:12","modified_gmt":"2014-06-04T15:19:12","slug":"al-via-la-giornata-mondiale-dellambiente-verdi-savonesi-la-politica-deve-prendere-provvedimenti","status":"publish","type":"post","link":"https:\/\/staging.ivg.it\/2014\/06\/al-via-la-giornata-mondiale-dellambiente-verdi-savonesi-la-politica-deve-prendere-provvedimenti\/","title":{"rendered":"Al via la &#8220;Giornata Mondiale dell&#8217;Ambiente&#8221;, i Verdi savonesi: &#8220;La politica deve prendere provvedimenti&#8221;"},"content":{"rendered":"<p><strong>Savona<\/strong>. Il prossimo 5 giugno 2014 si celebrer\u00e0 in tutto il mondo la \u201cGiornata Mondiale dell&#8217;Ambiente\u201d, promossa dalle Nazioni Unite in ricordo della Conferenza di Stoccolma del 1972, quando delegati di cento nazioni si riunirono per discutere dell&#8217;esaurimento delle risorse naturali, del degrado ambientale e della crescita demografica.<\/p>\n<p>Quest&#8217;anno la giornata sar\u00e0 dedicata in primo luogo alle \u201cpiccole isole\u201d dell&#8217;Oceano Indiano e dell&#8217; Oceano Pacifico, che sono in grave pericolo. Secondo l&#8217; Unep (United Nations Environment Program), negli ultimi 100 anni il livello globale del mare \u00e8 cresciuto dai 10 ai 25 centimetri. Se si continuer\u00e0 cos\u00ec, intere aree del pianeta potranno essere sommerse e le prime a subire l&#8217;evento catastrofico saranno purtroppo queste isole, preziosi santuari di biodiversit\u00e0, riserve di specie, vegetali e animali, tra le pi\u00f9 ricche del pianeta. Per il momento in Italia, in vista di questo importante appuntamento, si ha notizia solo di alcune iniziative a Milano, Trento e in Sicilia. <\/p>\n<p>&#8220;Nel 2012, nella stessa giornata, si era data notizia della volont\u00e0 di aprire a Genova il \u201cMuseo della Rumenta\u201d , con lo slogan \u201cqui non si butta via niente\u201d, grazie anche al coinvolgimento dell&#8217;architetto<br \/>\nRenzo Piano , per incentivare l&#8217;atteggiamento virtuoso del riciclo di materiali ancora utili, nella logica del risparmio energetico. Non sappiamo a che punto sia l&#8217;iter per la sua istituzione&#8221;, sottolineano dalla sezione di Savona dei Verdi. <\/p>\n<p>&#8220;Guardando oltre la Liguria &#8211; proseguono i Verdi &#8211; il problema \u00e8 ormai noto in tutti gli angoli del mondo: purtroppo la produzione dei gas-serra continua ad aumentare ovunque in modo vertiginoso. L&#8217;aumento \u00e8 meno vistoso in Europa, molto di pi\u00f9 in Cina dove, per\u00f2, la situazione dell&#8217;inquinamento dovuto all&#8217;uso abnorme di carbone (centrali a carbone ecc.) \u00e8 drammatica e si preannunciano misure drastiche per una auspicabile inversione di rotta&#8221;.<\/p>\n<p>&#8220;Le autorit\u00e0 politiche non potranno pi\u00f9 ignorare il problema, infatti si ha notizia di forti proteste da parte delle popolazioni delle aree pi\u00f9 inquinate, dove per loro \u00e8 addirittura problematico respirare aria pulita per lunghi periodi dell&#8217;anno. I 55 parlamentari &#8216;Verdi&#8217; eletti nei giorni scorsi a Strasburgo lavoreranno ogni giorno per ottenere risultati tangibili, non solo in sede europea ma anche nel contesto internazionale perch\u00e9 il problema \u00e8 globale e gli scenari futuri sono da brivido. Secondo l&#8217;Unep restano solo un paio di decenni per invertire la rotta e la transizione verso un&#8217;economia sostenibile deve iniziare subito&#8221;, dichiarano. &#8220;La &#8216;Giornata Mondiale dell&#8217;Ambiente&#8217; ha come finalit\u00e0 quella di coinvolgere su un tema vitale l&#8217;intera comunit\u00e0 internazionale a partire da una miriade di iniziative locali con le quali ognuno pu\u00f2 collaborare allo scopo di migliorare il proprio ambiente&#8221;, concludono i Verdi savonesi. <\/p>\n","protected":false},"excerpt":{"rendered":"<p>Savona. Il prossimo 5 giugno 2014 si celebrer\u00e0 in tutto il mondo la \u201cGiornata Mondiale dell&#8217;Ambiente\u201d, promossa dalle Nazioni Unite in ricordo della Conferenza di Stoccolma del 1972, quando delegati di cento nazioni si riunirono per discutere dell&#8217;esaurimento delle risorse naturali, del degrado ambientale e della crescita demografica. Quest&#8217;anno la giornata sar\u00e0 dedicata in primo [&hellip;]<\/p>\n","protected":false},"author":13744,"featured_media":0,"comment_status":"open","ping_status":"closed","sticky":false,"template":"","format":"standard","meta":{"footnotes":""},"categories":[31],"tags":[106,2358,85850,499],"class_list":["post-265592","post","type-post","status-publish","format-standard","hentry","category-politica","tag-ambiente","tag-inquinamento","tag-savona","tag-verdi","post_cat_citta-andora"],"amp_validity":null,"amp_enabled":true,"_links":{"self":[{"href":"https:\/\/staging.ivg.it\/ediapi\/wp\/v2\/posts\/265592","targetHints":{"allow":["GET"]}}],"collection":[{"href":"https:\/\/staging.ivg.it\/ediapi\/wp\/v2\/posts"}],"about":[{"href":"https:\/\/staging.ivg.it\/ediapi\/wp\/v2\/types\/post"}],"author":[{"embeddable":true,"href":"https:\/\/staging.ivg.it\/ediapi\/wp\/v2\/users\/13744"}],"replies":[{"embeddable":true,"href":"https:\/\/staging.ivg.it\/ediapi\/wp\/v2\/comments?post=265592"}],"version-history":[{"count":0,"href":"https:\/\/staging.ivg.it\/ediapi\/wp\/v2\/posts\/265592\/revisions"}],"wp:attachment":[{"href":"https:\/\/staging.ivg.it\/ediapi\/wp\/v2\/media?parent=265592"}],"wp:term":[{"taxonomy":"category","embeddable":true,"href":"https:\/\/staging.ivg.it\/ediapi\/wp\/v2\/categories?post=265592"},{"taxonomy":"post_tag","embeddable":true,"href":"https:\/\/staging.ivg.it\/ediapi\/wp\/v2\/tags?post=265592"}],"curies":[{"name":"wp","href":"https:\/\/api.w.org\/{rel}","templated":true}]}}