{"id":265393,"date":"2014-05-31T15:30:27","date_gmt":"2014-05-31T13:30:27","guid":{"rendered":"http:\/\/www.ivg.it\/?p=265393"},"modified":"2014-05-31T15:30:27","modified_gmt":"2014-05-31T13:30:27","slug":"finale-liceo-issel-con-il-progetto-ballando-per-la-vita-un-defibrillatore-arrivo-scuola","status":"publish","type":"post","link":"https:\/\/staging.ivg.it\/2014\/05\/finale-liceo-issel-con-il-progetto-ballando-per-la-vita-un-defibrillatore-arrivo-scuola\/","title":{"rendered":"Finale, liceo &#8220;Issel&#8221;: con il progetto &#8220;Ballando per la vita&#8221; un defibrillatore in arrivo a scuola"},"content":{"rendered":"<p><strong>Finale L.<\/strong> Nei prossimi giorni verr\u00e0 donato ed installato al Liceo &#8220;A. Issel&#8221; di Finale Ligure un defibrillatore semi-automatico-Dae.<\/p>\n<p>Ci\u00f2 \u00e8 stato possibile grazie all&#8217;iniziativa promossa dai rappresentanti dell&#8217;istituto finalese, supportati dagli studenti e dai gestori del locale &#8220;El Patio&#8221;, con la collaborazione del progetto \u201cAzzurro, Renzino Astengo\u201d. <\/p>\n<p>In collaborazione con il 118, infatti, durante l\u2019anno scolastico gli studenti e i docenti hanno partecipato a lezioni di formazione sulle tecniche di rianimazione cardio-polmonare di base (Bls) e sull&#8217;uso del defibrillatore, organizzate al fine di avere sempre pi\u00f9 persone, giovani soprattutto, consapevoli e preparate ad un pronto intervento in caso di improvviso arresto cardiaco.<\/p>\n<p>I ragazzi sono rimasti colpiti da questo percorso e hanno deciso di procurare l\u2019apparecchio all&#8217;istituto, vista la sua importanza in caso di emergenza e volendo sensibilizzare sempre pi\u00f9 persone riguardo l\u2019importanza della presenza un defibrillatore nelle scuole. <\/p>\n<p>L\u2019idea nata per raccogliere fondi, dunque, \u00e8 stata quella di \u201cBallare per la vita\u201d: l\u2019evento si svolger\u00e0 sabato 31 Maggio presso il locale &#8220;El Patio&#8221; di Finale Ligure, dove i ragazzi, tra cui studenti ed ex del Liceo A. Issel si riuniranno festeggiando per una buona causa.<\/p>\n","protected":false},"excerpt":{"rendered":"<p>Finale L. Nei prossimi giorni verr\u00e0 donato ed installato al Liceo &#8220;A. Issel&#8221; di Finale Ligure un defibrillatore semi-automatico-Dae. Ci\u00f2 \u00e8 stato possibile grazie all&#8217;iniziativa promossa dai rappresentanti dell&#8217;istituto finalese, supportati dagli studenti e dai gestori del locale &#8220;El Patio&#8221;, con la collaborazione del progetto \u201cAzzurro, Renzino Astengo\u201d. In collaborazione con il 118, infatti, durante [&hellip;]<\/p>\n","protected":false},"author":13744,"featured_media":0,"comment_status":"open","ping_status":"closed","sticky":false,"template":"","format":"standard","meta":{"footnotes":""},"categories":[],"tags":[8733,38280],"class_list":["post-265393","post","type-post","status-publish","format-standard","hentry","tag-defibrillatore","tag-liceo-issel","post_cat_citta-finale-ligure"],"amp_validity":null,"amp_enabled":true,"_links":{"self":[{"href":"https:\/\/staging.ivg.it\/ediapi\/wp\/v2\/posts\/265393","targetHints":{"allow":["GET"]}}],"collection":[{"href":"https:\/\/staging.ivg.it\/ediapi\/wp\/v2\/posts"}],"about":[{"href":"https:\/\/staging.ivg.it\/ediapi\/wp\/v2\/types\/post"}],"author":[{"embeddable":true,"href":"https:\/\/staging.ivg.it\/ediapi\/wp\/v2\/users\/13744"}],"replies":[{"embeddable":true,"href":"https:\/\/staging.ivg.it\/ediapi\/wp\/v2\/comments?post=265393"}],"version-history":[{"count":0,"href":"https:\/\/staging.ivg.it\/ediapi\/wp\/v2\/posts\/265393\/revisions"}],"wp:attachment":[{"href":"https:\/\/staging.ivg.it\/ediapi\/wp\/v2\/media?parent=265393"}],"wp:term":[{"taxonomy":"category","embeddable":true,"href":"https:\/\/staging.ivg.it\/ediapi\/wp\/v2\/categories?post=265393"},{"taxonomy":"post_tag","embeddable":true,"href":"https:\/\/staging.ivg.it\/ediapi\/wp\/v2\/tags?post=265393"}],"curies":[{"name":"wp","href":"https:\/\/api.w.org\/{rel}","templated":true}]}}