{"id":265184,"date":"2014-05-29T13:41:14","date_gmt":"2014-05-29T11:41:14","guid":{"rendered":"http:\/\/www.ivg.it\/?p=265184"},"modified":"2014-05-29T17:41:34","modified_gmt":"2014-05-29T15:41:34","slug":"maltrattamenti-vada-sabatia-neirotti-spiega-le-ragioni-della-rescissione-con-segesta-assistenza-carente-dopo-lindagine","status":"publish","type":"post","link":"https:\/\/staging.ivg.it\/2014\/05\/maltrattamenti-vada-sabatia-neirotti-spiega-le-ragioni-della-rescissione-con-segesta-assistenza-carente-dopo-lindagine\/","title":{"rendered":"Vada Sabatia, Neirotti spiega le ragioni della rescissione con Segesta: &#8220;Assistenza carente dopo l&#8217;indagine&#8221;"},"content":{"rendered":"<p><strong>Savona.<\/strong> \u201cAbbiamo subito disposti provvedimenti nei confronti di Segesta, garantendo al tempo stesso una continuit\u00e0 di servizio per i pazienti. Abbiamo diffidato Segesta affinch\u00e9 l\u2019assistenza agli ospiti proseguisse senza problemi, usufruendo del personale a disposizione e questo non \u00e8 avvenuto. Ancora ieri i nostri responsabili hanno verificato delle carenze: questo non pu\u00f2 pi\u00f9 proseguire e per questo abbiamo deciso la rescissione del contratto\u201d. Lo ha detto il direttore generale della Asl 2 Flavio Neirotti sul caso di Vada Sabatia, con la decisione di rescindere ogni rapporto con Segesta e l\u2019attuale gestione della residenza sanitaria valdese.<\/p>\n<p>\u201cNon abbiamo optato per la rescissione immediata per gestire al meglio il passaggio con un nuovo gestore, coinvolgendo anche la Prefettura di Savona: al tavolo ci sar\u00e0 la propriet\u00e0 della struttura, oltre ai sindacati, e cercheremo di trovare la soluzione migliore\u201d aggiunge Neirotti. <\/p>\n<p>\u201cAbbiamo preso questo provvedimento dopo 45 giorni nei quali Segesta non ha adempiuto alle direttive di assistenza sanitaria per i ricoverati: la decisione \u00e8 importante e oggi stiamo notificando la rescissione del contratto. Segesta \u00e8 stata informata e questa mattina ne abbiamo parlato anche alla presenza del Comune di Vado Ligure\u201d conclude Neirotti.<\/p>\n","protected":false},"excerpt":{"rendered":"<p>Savona. \u201cAbbiamo subito disposti provvedimenti nei confronti di Segesta, garantendo al tempo stesso una continuit\u00e0 di servizio per i pazienti. Abbiamo diffidato Segesta affinch\u00e9 l\u2019assistenza agli ospiti proseguisse senza problemi, usufruendo del personale a disposizione e questo non \u00e8 avvenuto. Ancora ieri i nostri responsabili hanno verificato delle carenze: questo non pu\u00f2 pi\u00f9 proseguire e [&hellip;]<\/p>\n","protected":false},"author":4,"featured_media":0,"comment_status":"open","ping_status":"closed","sticky":false,"template":"","format":"standard","meta":{"footnotes":""},"categories":[34],"tags":[292,1282,53354,46399,3939],"class_list":["post-265184","post","type-post","status-publish","format-standard","hentry","category-cronaca","tag-asl-2","tag-flavio-neirotti","tag-maltrattamenti-vada-sabatia","tag-segesta","tag-vada-sabatia","post_cat_citta-savona","post_cat_citta-vado-ligure"],"amp_validity":null,"amp_enabled":true,"_links":{"self":[{"href":"https:\/\/staging.ivg.it\/ediapi\/wp\/v2\/posts\/265184","targetHints":{"allow":["GET"]}}],"collection":[{"href":"https:\/\/staging.ivg.it\/ediapi\/wp\/v2\/posts"}],"about":[{"href":"https:\/\/staging.ivg.it\/ediapi\/wp\/v2\/types\/post"}],"author":[{"embeddable":true,"href":"https:\/\/staging.ivg.it\/ediapi\/wp\/v2\/users\/4"}],"replies":[{"embeddable":true,"href":"https:\/\/staging.ivg.it\/ediapi\/wp\/v2\/comments?post=265184"}],"version-history":[{"count":0,"href":"https:\/\/staging.ivg.it\/ediapi\/wp\/v2\/posts\/265184\/revisions"}],"wp:attachment":[{"href":"https:\/\/staging.ivg.it\/ediapi\/wp\/v2\/media?parent=265184"}],"wp:term":[{"taxonomy":"category","embeddable":true,"href":"https:\/\/staging.ivg.it\/ediapi\/wp\/v2\/categories?post=265184"},{"taxonomy":"post_tag","embeddable":true,"href":"https:\/\/staging.ivg.it\/ediapi\/wp\/v2\/tags?post=265184"}],"curies":[{"name":"wp","href":"https:\/\/api.w.org\/{rel}","templated":true}]}}