{"id":264891,"date":"2014-05-26T17:07:02","date_gmt":"2014-05-26T15:07:02","guid":{"rendered":"http:\/\/www.ivg.it\/?p=264891"},"modified":"2014-05-26T19:51:52","modified_gmt":"2014-05-26T17:51:52","slug":"elezioni-finale-lo-sconfitto-ferrari-pensa-al-futuro-e-lancia-unaltra-sfida-avremo-il-prossimo-sindaco","status":"publish","type":"post","link":"https:\/\/staging.ivg.it\/2014\/05\/elezioni-finale-lo-sconfitto-ferrari-pensa-al-futuro-e-lancia-unaltra-sfida-avremo-il-prossimo-sindaco\/","title":{"rendered":"Elezioni Finale, lo sconfitto Ferrari pensa al futuro e lancia un&#8217;altra sfida: &#8220;Avremo il prossimo sindaco&#8221;"},"content":{"rendered":"<p><strong>Finale L.<\/strong> Chi esce con le ossa rotte da queste amministrative \u00e8 l&#8217;avversario sconfitto del vincitore Ugo Frascherelli, l&#8217;avvocato Giovanni Ferrari, che commenta: &#8220;Una sconfitta inaspettata il giorno prima e aspettata il giorno dopo, mi riferisco ai risultati negativi delle europee. Anzi, abbiamo avuto un recupero grandioso fra europee e comunali, ma non \u00e8 bastato. Altri partiti in opposizione hanno coagulato poco e Frascherelli ha mantenuto il suo vantaggio, abbiamo recuperato molto ma non \u00e8 bastato per vincere. Ho gi\u00e0 fatto i complimenti a Frascherelli che \u00e8 venuto al nostro point per salutarmi, buon lavoro a lui&#8221;.<\/p>\n<p>&#8220;Siamo stati appoggiati da partiti che hanno subito un crollo verticale &#8211; sottolinea amaro Ferrari &#8211;<br \/>\nche hanno perso pi\u00f9 di 2000 voti. Ha pesato molto il voto europeo, abbiamo fatto il massimo per\u00f2 abbiamo risentito della debacle generale. Pensavamo che la Simonetti e i Cinque Stelle prendessero pi\u00f9 voti e potessero farci da sponda inaspettata. Non \u00e8 accaduto, e quindi \u00e8 stata una corsa a due e hanno vinto gli altri&#8221;.<\/p>\n<p>&#8220;Ora mi aspetta un lavoro di opposizione, io sono un esperto in materia. Sar\u00e0 un&#8217;opposizione chiara e onesta, cercando di portare avanti i problemi. Dar\u00f2 il tempo a chi ha vinto per organizzarsi e cercheremo di far crescere insieme a noi altri giovani per il futuro&#8221;.<\/p>\n<p>E poi lancia gi\u00e0 una sfida per le prossime amministrative: &#8220;Anche Richeri ha subito una sconfitta la prima volta, io sono sicuro che il prossimo sindaco che indicher\u00e0 questa coalizione, sar\u00e0 un altro grande sindaco di Finale. Lancio dunque la sfida per i prossimi cinque anni, e chiss\u00e0 magari anche prima&#8221;.<\/p>\n","protected":false},"excerpt":{"rendered":"<p>Finale L. Chi esce con le ossa rotte da queste amministrative \u00e8 l&#8217;avversario sconfitto del vincitore Ugo Frascherelli, l&#8217;avvocato Giovanni Ferrari, che commenta: &#8220;Una sconfitta inaspettata il giorno prima e aspettata il giorno dopo, mi riferisco ai risultati negativi delle europee. Anzi, abbiamo avuto un recupero grandioso fra europee e comunali, ma non \u00e8 bastato. [&hellip;]<\/p>\n","protected":false},"author":13744,"featured_media":0,"comment_status":"open","ping_status":"closed","sticky":false,"template":"","format":"standard","meta":{"footnotes":""},"categories":[31],"tags":[51617,23227],"class_list":["post-264891","post","type-post","status-publish","format-standard","hentry","category-politica","tag-elezioni-finale","tag-giovanni-ferrari","post_cat_citta-finale-ligure"],"amp_validity":null,"amp_enabled":true,"_links":{"self":[{"href":"https:\/\/staging.ivg.it\/ediapi\/wp\/v2\/posts\/264891","targetHints":{"allow":["GET"]}}],"collection":[{"href":"https:\/\/staging.ivg.it\/ediapi\/wp\/v2\/posts"}],"about":[{"href":"https:\/\/staging.ivg.it\/ediapi\/wp\/v2\/types\/post"}],"author":[{"embeddable":true,"href":"https:\/\/staging.ivg.it\/ediapi\/wp\/v2\/users\/13744"}],"replies":[{"embeddable":true,"href":"https:\/\/staging.ivg.it\/ediapi\/wp\/v2\/comments?post=264891"}],"version-history":[{"count":0,"href":"https:\/\/staging.ivg.it\/ediapi\/wp\/v2\/posts\/264891\/revisions"}],"wp:attachment":[{"href":"https:\/\/staging.ivg.it\/ediapi\/wp\/v2\/media?parent=264891"}],"wp:term":[{"taxonomy":"category","embeddable":true,"href":"https:\/\/staging.ivg.it\/ediapi\/wp\/v2\/categories?post=264891"},{"taxonomy":"post_tag","embeddable":true,"href":"https:\/\/staging.ivg.it\/ediapi\/wp\/v2\/tags?post=264891"}],"curies":[{"name":"wp","href":"https:\/\/api.w.org\/{rel}","templated":true}]}}