{"id":264863,"date":"2014-05-26T15:06:19","date_gmt":"2014-05-26T13:06:19","guid":{"rendered":"http:\/\/www.ivg.it\/?p=264863"},"modified":"2014-05-26T17:43:39","modified_gmt":"2014-05-26T15:43:39","slug":"maltrattamenti-alla-vada-sabatia-spunta-un-nuovo-indagato-accusato-di-aver-colpito-bastonate-un-paziente","status":"publish","type":"post","link":"https:\/\/staging.ivg.it\/2014\/05\/maltrattamenti-alla-vada-sabatia-spunta-un-nuovo-indagato-accusato-di-aver-colpito-bastonate-un-paziente\/","title":{"rendered":"Maltrattamenti alla Vada Sabatia, spunta un nuovo indagato: accusato di aver colpito a bastonate un paziente"},"content":{"rendered":"<p><strong>Savona<\/strong>. Maltrattamenti alla Rsa Vada Sabatia di Vado Ligure: l&#8217;elenco degli indagati nella vicenda si allunga. Da sabato infatti c&#8217;\u00e8 un nuovo ex operatore della struttura vadese, Alessandro C., iscritto nel registro degli indagati con l&#8217;accusa di maltrattamenti e lesioni. Secondo l&#8217;accusa che gli viene contestata avrebbe colpito con una bastonata uno dei pazienti disabili del nucleo 3D della Vada Sabatia procurandogli lesioni dorsali.<\/p>\n<p>Un episodio che risalirebbe a due anni fa e sarebbe venuto alla luce nelle scorse settimane grazie alle indagini degli uomini della Guardia di Finanza savonese. L&#8217;ex operatore della Rsa \u00e8 stato interrogato sabato dal pm Giovanni Battista Ferro, un confronto durato quasi due ore al termine del quale Alessndro C. avrebbe fatto alcune ammissioni. <\/p>\n<p>L&#8217;altra novit\u00e0 sul fronte investigativo \u00e8 che il magistrato domani conferir\u00e0 l&#8217;incarico ad un esperto per eseguire una perizia sui computer e telefoni cellulari di Federico Arena e Alessandro Sola, il medico e l&#8217;ex operatore della Rsa finiti al centro del filone d&#8217;inchiesta sugli abusi sessuali su una paziente. Un accertamento volto a verificare la presenza di materiale utile alle indagini e che possa supportare le tesi dell&#8217;accusa.<\/p>\n<p>Infine, come gi\u00e0 trapelato nei giorni scorsi, i difensori di tutti gli operatori indagati stanno iniziando a presentare le richieste di patteggiamento al pm: finora ne sono state avanzate quattro.<\/p>\n","protected":false},"excerpt":{"rendered":"<p>Savona. Maltrattamenti alla Rsa Vada Sabatia di Vado Ligure: l&#8217;elenco degli indagati nella vicenda si allunga. Da sabato infatti c&#8217;\u00e8 un nuovo ex operatore della struttura vadese, Alessandro C., iscritto nel registro degli indagati con l&#8217;accusa di maltrattamenti e lesioni. Secondo l&#8217;accusa che gli viene contestata avrebbe colpito con una bastonata uno dei pazienti disabili [&hellip;]<\/p>\n","protected":false},"author":2394,"featured_media":0,"comment_status":"open","ping_status":"closed","sticky":false,"template":"","format":"standard","meta":{"footnotes":""},"categories":[34],"tags":[54600,53354,3939,85979],"class_list":["post-264863","post","type-post","status-publish","format-standard","hentry","category-cronaca","tag-inchiesta-vada-sabatia","tag-maltrattamenti-vada-sabatia","tag-vada-sabatia","tag-vado-ligure","post_cat_citta-savona","post_cat_citta-vado-ligure"],"amp_validity":null,"amp_enabled":true,"_links":{"self":[{"href":"https:\/\/staging.ivg.it\/ediapi\/wp\/v2\/posts\/264863","targetHints":{"allow":["GET"]}}],"collection":[{"href":"https:\/\/staging.ivg.it\/ediapi\/wp\/v2\/posts"}],"about":[{"href":"https:\/\/staging.ivg.it\/ediapi\/wp\/v2\/types\/post"}],"author":[{"embeddable":true,"href":"https:\/\/staging.ivg.it\/ediapi\/wp\/v2\/users\/2394"}],"replies":[{"embeddable":true,"href":"https:\/\/staging.ivg.it\/ediapi\/wp\/v2\/comments?post=264863"}],"version-history":[{"count":0,"href":"https:\/\/staging.ivg.it\/ediapi\/wp\/v2\/posts\/264863\/revisions"}],"wp:attachment":[{"href":"https:\/\/staging.ivg.it\/ediapi\/wp\/v2\/media?parent=264863"}],"wp:term":[{"taxonomy":"category","embeddable":true,"href":"https:\/\/staging.ivg.it\/ediapi\/wp\/v2\/categories?post=264863"},{"taxonomy":"post_tag","embeddable":true,"href":"https:\/\/staging.ivg.it\/ediapi\/wp\/v2\/tags?post=264863"}],"curies":[{"name":"wp","href":"https:\/\/api.w.org\/{rel}","templated":true}]}}