{"id":264769,"date":"2014-05-24T15:40:07","date_gmt":"2014-05-24T13:40:07","guid":{"rendered":"http:\/\/www.ivg.it\/?p=264769"},"modified":"2014-05-25T15:46:34","modified_gmt":"2014-05-25T13:46:34","slug":"andora-verso-expo-2015-taglio-del-nastro-per-azzurro-pesce-dautore-floris-porteremo-le-nostre-eccellenze-milano","status":"publish","type":"post","link":"https:\/\/staging.ivg.it\/2014\/05\/andora-verso-expo-2015-taglio-del-nastro-per-azzurro-pesce-dautore-floris-porteremo-le-nostre-eccellenze-milano\/","title":{"rendered":"Andora verso Expo 2015, taglio del nastro per &#8220;Azzurro, pesce d&#8217;autore&#8221;. Floris: &#8220;Porteremo le nostre eccellenze a Milano&#8221;"},"content":{"rendered":"<p><strong>Andora<\/strong>. Ad Andora, questa mattina con il taglio del nastro alle 10,30, ha debuttato la manifestazione ittico gastronomica &#8220;Azzurro, pesce d&#8217;autore&#8221;. L&#8217;evento si \u00e8 aperto con il convegno &#8220;Aspettando Expo 2015&#8221;, co-organizzato con Anci Liguria, che ha illustrato il progetto di promozione del Ponente ligure, che a Milano nel 2015 sar\u00e0 rappresentato proprio dalla manifestazione di Andora.<\/p>\n<p>Andora quindi potrebbe sbarcare a Expo 2015? &#8220;Ci stiamo lavorando &#8211; risponde il sindaco di Andora e membro del direttivo nazionale Anci Franco Floris &#8211; mi pare che oggi questa manifestazione rappresenti tutta l&#8217;Italia con i suoi prodotti tipici, abbiamo avuto anche il patrocinio di Anci Expo&#8221;. <\/p>\n<p>&#8220;La nostra intenzione &#8211; prosegue Floris &#8211; \u00e8 di mostrare che Andora che da qui possa spostarsi a Milano e portare le nostre capacit\u00e0 turistiche, il porto, l&#8217;entroterra, i nostri prodotti tipici come l&#8217;olio e le olive taggiasche. Credo che abbiamo tutte le carte in regola per fare un bel lavoro&#8221;. <\/p>\n<p>&#8220;Mi auguro che sia una grande occasione per l&#8217;Italia. Certo, abbiamo avuto degli esempi sbagliati, persone che non hanno lavorato bene. Per\u00f2 l&#8217;Expo \u00e8 importante per rilanciare l&#8217;Italia, c&#8217;\u00e8 bisogno di cose positive come l&#8217;esposizione universale. Noi stiamo lavorando per esserci&#8221;, conclude il sindaco di Andora Franco Floris. <\/p>\n<p>Al taglio del nastro, presente anche il sindaco di Sanremo e vice presidente di Anci Liguria Maurizio Zoccarato che ha commentato cos\u00ec: &#8220;Credo proprio che Anci Liguria sia ben guidata dal direttore Pierluigi Vinai. Lo vediamo da questi Expo che avvengono sul territorio, che portano beneficio e fanno conoscere questa splendida terra non soltanto ai turisti ma anche ai cittadini della Liguria&#8221;. <\/p>\n<p>&#8220;Ritengo che l&#8217;Expo sia una grandissima opportunit\u00e0, se viene sfruttata. Sappiamo che ci sono delle carenze per quanto riguarda le infrastrutture, ma noi dobbiamo puntare sul nostro potenziale enogastronomico e turistico. E anche sul territorio che, nel caso di quello Ligure, ha una forza maggiore di qualsiasi altro posto in Italia&#8221;, conclude Maurizio Zoccarato. <\/p>\n","protected":false},"excerpt":{"rendered":"<p>Andora. Ad Andora, questa mattina con il taglio del nastro alle 10,30, ha debuttato la manifestazione ittico gastronomica &#8220;Azzurro, pesce d&#8217;autore&#8221;. L&#8217;evento si \u00e8 aperto con il convegno &#8220;Aspettando Expo 2015&#8221;, co-organizzato con Anci Liguria, che ha illustrato il progetto di promozione del Ponente ligure, che a Milano nel 2015 sar\u00e0 rappresentato proprio dalla manifestazione [&hellip;]<\/p>\n","protected":false},"author":13744,"featured_media":0,"comment_status":"open","ping_status":"closed","sticky":false,"template":"","format":"standard","meta":{"footnotes":""},"categories":[35,31],"tags":[11366,85847,4465,603,326,393,1600],"class_list":["post-264769","post","type-post","status-publish","format-standard","hentry","category-economia","category-politica","tag-anci-liguria","tag-andora","tag-enogastronomia","tag-expo-2015","tag-franco-floris","tag-liguria","tag-prodotti-tipici"],"amp_validity":null,"amp_enabled":true,"_links":{"self":[{"href":"https:\/\/staging.ivg.it\/ediapi\/wp\/v2\/posts\/264769","targetHints":{"allow":["GET"]}}],"collection":[{"href":"https:\/\/staging.ivg.it\/ediapi\/wp\/v2\/posts"}],"about":[{"href":"https:\/\/staging.ivg.it\/ediapi\/wp\/v2\/types\/post"}],"author":[{"embeddable":true,"href":"https:\/\/staging.ivg.it\/ediapi\/wp\/v2\/users\/13744"}],"replies":[{"embeddable":true,"href":"https:\/\/staging.ivg.it\/ediapi\/wp\/v2\/comments?post=264769"}],"version-history":[{"count":0,"href":"https:\/\/staging.ivg.it\/ediapi\/wp\/v2\/posts\/264769\/revisions"}],"wp:attachment":[{"href":"https:\/\/staging.ivg.it\/ediapi\/wp\/v2\/media?parent=264769"}],"wp:term":[{"taxonomy":"category","embeddable":true,"href":"https:\/\/staging.ivg.it\/ediapi\/wp\/v2\/categories?post=264769"},{"taxonomy":"post_tag","embeddable":true,"href":"https:\/\/staging.ivg.it\/ediapi\/wp\/v2\/tags?post=264769"}],"curies":[{"name":"wp","href":"https:\/\/api.w.org\/{rel}","templated":true}]}}