{"id":264668,"date":"2014-05-23T11:40:17","date_gmt":"2014-05-23T09:40:17","guid":{"rendered":"http:\/\/www.ivg.it\/?p=264668"},"modified":"2014-05-23T18:17:28","modified_gmt":"2014-05-23T16:17:28","slug":"elezioni-albissola-pedrazzini-turismo-cultura-e-riapriremo-le-porte-del-comune","status":"publish","type":"post","link":"https:\/\/staging.ivg.it\/2014\/05\/elezioni-albissola-pedrazzini-turismo-cultura-e-riapriremo-le-porte-del-comune\/","title":{"rendered":"Elezioni Albissola, Pedrazzini: &#8220;Turismo, cultura, e riapriremo le porte del comune&#8221;"},"content":{"rendered":"<p><strong>Albissola Marina.<\/strong> Con la giornata di ieri la lista Viviamo Insieme Albissola ha concluso gli incontri in vista delle elezioni di domenica. &#8220;Come al solito si \u00e8 spaziato su tutti i temi trattati dal nostro programma &#8211; racconta Viviana Pedrazzini, candidato sindaco &#8211; ponendo, per\u00f2, maggior attenzione sull&#8217;offerta turistico-culturale-ricettiva che Albissola Marina deve poter offrire per essere competitiva e appetibile in un settore cos\u00ec difficile&#8221;.<\/p>\n<p>&#8220;Siamo fermamente convinti che Albissola debba tornare ad essere crocevia internazionale, luogo d&#8217;incontro e salotto culturale per gli artisti provenienti da tutto il mondo &#8211; continua &#8211; Rafforzeremo il legame con la Danimarca, inseriremo Casa Jorn nel circuito delle residenze d&#8217;artista, progetteremo il prolungamento della Passeggia degli Artisti sul molo S.Antonio e studieremo quello verso Savona (garantendone una miglior manutenzione e pulizia). Supporteremo gli eventi di successo come Albissola Comics e porteremo le manifestazioni anche nei quartieri residenziali e nelle spiagge libere, non solo nel centro&#8221;.<\/p>\n<p>Pedrazzini punter\u00e0 anche a destagionalizzare l&#8217;offerta turistica, &#8220;programmando eventi tutto l&#8217;anno coinvolgendo l&#8217;intero tessuto economico-turistico-culturale albissolese: ci impegniamo a coinvolgere gli altri comuni in un comprensorio mare &#8211; monti che ampli l&#8217;offerta rendendosi appetibile e che possa avvalersi di una promozione efficace&#8221;.<\/p>\n<p>&#8220;Per fare tutto questo \u00e8 indispensabile un piano di accoglienza turistica che preveda la nascita di un sistema di albergo diffuso sul territorio (alberghi &#8211; bed &#038; breakfast &#8211; appartamenti), basato sul testo unico regionale del turismo ed ospitato gratuitamente, attraverso un servizio di booking online, sul sito ufficiale del Comune &#8211; spiega poi la candidata &#8211; Sito che dovr\u00e0 essere migliorato e reso disponibile anche in inglese, francese e tedesco.<\/p>\n<p>&#8220;Coinvolgeremo le associazioni per garantire l&#8217;apertura tutto l&#8217;anno dell&#8217;Ufficio Informazione Turistica e studieremo una linea di gadgets per i turisti &#8211; annuncia poi &#8211; Fondamentale sar\u00e0 il coinvolgimento delle associazioni di categoria anche attraverso un Piano del commercio che garantisca sgravi fiscali ed incentivi economici. L&#8217;assessore al commercio sar\u00e0 la voce delle categorie economiche all&#8217;interno dell&#8217;amministrazione&#8221;.<\/p>\n<p>Pedrazzini ripercorre i due mesi appena trascorsi: &#8220;La campagna elettorale \u00e8 ormai finita, \u00e8 stata faticosa ma ricca di sorprese. E&#8217; stato un momento di incontro con gli albissolesi che mi ha arricchito e mi ha fatto capire quanto i miei concittadini tengano ad Albissola. Mi impegno fin d&#8217;ora a non interrompere questo meraviglioso filo diretto con loro e se, come mi auguro sar\u00f2 eletta sindaco, da marted\u00ec le porte del Comune saranno riaperte: chi arriver\u00e0 dovr\u00e0 sentirsi a casa (perch\u00e8 la casa comunale \u00e8 la casa di tutti) senza dover farsi annunciare e farsi aprire una porta ad apertura codificata&#8221;.<\/p>\n","protected":false},"excerpt":{"rendered":"<p>Albissola Marina. Con la giornata di ieri la lista Viviamo Insieme Albissola ha concluso gli incontri in vista delle elezioni di domenica. &#8220;Come al solito si \u00e8 spaziato su tutti i temi trattati dal nostro programma &#8211; racconta Viviana Pedrazzini, candidato sindaco &#8211; ponendo, per\u00f2, maggior attenzione sull&#8217;offerta turistico-culturale-ricettiva che Albissola Marina deve poter offrire [&hellip;]<\/p>\n","protected":false},"author":13744,"featured_media":0,"comment_status":"open","ping_status":"closed","sticky":false,"template":"","format":"standard","meta":{"footnotes":""},"categories":[31],"tags":[86007,51693,52887],"class_list":["post-264668","post","type-post","status-publish","format-standard","hentry","category-politica","tag-albissola-marina","tag-elezioni-albissola","tag-viviana-pedrazzini","post_cat_citta-albissola-marina"],"amp_validity":null,"amp_enabled":true,"_links":{"self":[{"href":"https:\/\/staging.ivg.it\/ediapi\/wp\/v2\/posts\/264668","targetHints":{"allow":["GET"]}}],"collection":[{"href":"https:\/\/staging.ivg.it\/ediapi\/wp\/v2\/posts"}],"about":[{"href":"https:\/\/staging.ivg.it\/ediapi\/wp\/v2\/types\/post"}],"author":[{"embeddable":true,"href":"https:\/\/staging.ivg.it\/ediapi\/wp\/v2\/users\/13744"}],"replies":[{"embeddable":true,"href":"https:\/\/staging.ivg.it\/ediapi\/wp\/v2\/comments?post=264668"}],"version-history":[{"count":0,"href":"https:\/\/staging.ivg.it\/ediapi\/wp\/v2\/posts\/264668\/revisions"}],"wp:attachment":[{"href":"https:\/\/staging.ivg.it\/ediapi\/wp\/v2\/media?parent=264668"}],"wp:term":[{"taxonomy":"category","embeddable":true,"href":"https:\/\/staging.ivg.it\/ediapi\/wp\/v2\/categories?post=264668"},{"taxonomy":"post_tag","embeddable":true,"href":"https:\/\/staging.ivg.it\/ediapi\/wp\/v2\/tags?post=264668"}],"curies":[{"name":"wp","href":"https:\/\/api.w.org\/{rel}","templated":true}]}}