{"id":264508,"date":"2014-05-21T10:38:51","date_gmt":"2014-05-21T08:38:51","guid":{"rendered":"http:\/\/www.ivg.it\/?p=264508"},"modified":"2014-05-21T18:37:10","modified_gmt":"2014-05-21T16:37:10","slug":"valbormida-mountain-bike-tutto-pronto-per-la-10ma-edizione-di-cinghialtracks","status":"publish","type":"post","link":"https:\/\/staging.ivg.it\/2014\/05\/valbormida-mountain-bike-tutto-pronto-per-la-10ma-edizione-di-cinghialtracks\/","title":{"rendered":"Valbormida, mountain bike: tutto pronto per la 10ma edizione di &#8220;Cinghialtracks&#8221;"},"content":{"rendered":"<p><strong>Valbormida<\/strong>. Per il decimo anno consecutivo, come al solito nella terza domenica di giugno, l&#8217;associazione valbormidese di attivit\u00e0 outdoor &#8220;Cinghialtracks&#8221; propone il consueto raduno cicloescursionistico di mountain bike, denominato &#8220;Cinghialtracks e Bimbinbici&#8221;, che si svolger\u00e0 nella spettacolare area della Riserva Regionale dell&#8217;Adelasia, sito inserito dall&#8217;Unione Europea tra i &#8220;Sic&#8221; ovvero siti naturalistici d&#8217;importanza comunitaria.<\/p>\n<p>L&#8217;evento, che si terra&#8217; nella giornata del 22 giugno p.v. con ritrovo nella suggestiva cornice medioevale del Borgo dell&#8217;Abbazia di Ferrania (Iscrizioni dalle 8 e partenza alle 9,15), si svolger\u00e0 parallelamente su due percorsi: uno dedicato a cicloescursionisti esperti, si svilupper\u00e0 su un tracciato impegnativo che permetter\u00e0 di attraversare le zone paesaggisticamente pi\u00f9 suggestive della Riserva, l&#8217;altro indicato a bambini e ragazzi dai 6 ai 14 anni, si svilupper\u00e0 nel fondo Valle del Rio Ferranietta dove, in collaborazione con il Centro di Educazione Ambientale del Comune di Cairo Montenotte e con il gruppo Bambi del Cai di Savona, verranno organizzate attivit\u00e0 ludico\/didattiche con uno spirito festoso ed allegro per avvicinare i ragazzi a questa meravigliosa attivit\u00e0 che consente di vivere giornate indimenticabili all&#8217;aria aperta ed apprezzare la natura in tutte le sue forme ed espressioni.<\/p>\n<p>Per l&#8217;organizzazione dell&#8217;evento i volontari si sono prodigati per l&#8217;allestimento di stand tecnici grazie all&#8217;ausilio di sponsor locali e garantiranno la possibilit\u00e0 di poter pranzare con un &#8220;pasta party&#8221; presso gli stand gastronomici della festa patronale di San Pietro di Ferrania prima di effettuare un&#8217;estrazione di ricchi premi tra i partecipanti al raduno.<\/p>\n<p>Il percorso dell&#8217;escursione ricalcher\u00e0 quello ufficiale segnalato in collaborazione con la Provincia di Savona, un anello stabile  di circa 30 km  di sviluppo e 1200 metri di dislivello &#8211; con possibilit\u00e0 di varianti pi\u00f9 brevi dai 18 ai 24 km &#8211; che attraversa le zone paesaggisticamente pi\u00f9 suggestive della Riserva percorrendo le antiche vie di collegamento che univano i vari &#8220;Casotti&#8221; disseminati nella Valle del Rio Ferranietta, nel pieno rispetto delle normative vigenti in materia di segnaletica escursionistica e tutela delle aree protette.<\/p>\n<p>Anche quest&#8217;anno, a causa delle abbondanti precipitazioni &#8211; nevose e piovose &#8211; cadute in inverno e primavera, il tracciato \u00e8 stato reso nuovamente percorribile grazie al lavoro dei volontari dell&#8217;associazione Cinghialtracks, che con ore ed ore di fattivo impegno, lo hanno liberato da decine e decine di alberi abbattuti dalle intemperie che ne impedivano la fruizione.<\/p>\n<p>Ora questi bellissimi sentieri appenninici immersi in un contesto naturalistico splendido, caratterizzato da interminabili boschi di latifoglie sono nuovamente a disposizione degli amanti della natura che a piedi, a cavallo od in mountain bike intendono recarsi a visitare l&#8217;immenso tesoro verde dell&#8217;Adelasia.<\/p>\n<p>Sabato 21, presso &#8220;il laghetto&#8221; di Ferrania, a partire dalle ore 14 verranno organizzate attivit\u00e0 aperte a tutti fra le quali arrampicata per bambini con istruttori qualificati, yoga, zumba e baby dance, oltre alla disponibilit\u00e0 di un campetto da beach volley per passare una bella giornata in compagnia in preparazione del cinghialtracks di domenica. <\/p>\n<p>Sempre sabato, alle ore 20:30 \u00e8 prevista una cena solo su prenotazione e a seguire musica dal vivo con gli &#8220;in Vivo Veritas&#8221;.<\/p>\n<p>Sar\u00e0, inoltre, allestito uno spazio per le tende per chi volesse fermarsi a dormire ed essere gi\u00e0 sul posto per il raduno di domenica.<\/p>\n","protected":false},"excerpt":{"rendered":"<p>Valbormida. Per il decimo anno consecutivo, come al solito nella terza domenica di giugno, l&#8217;associazione valbormidese di attivit\u00e0 outdoor &#8220;Cinghialtracks&#8221; propone il consueto raduno cicloescursionistico di mountain bike, denominato &#8220;Cinghialtracks e Bimbinbici&#8221;, che si svolger\u00e0 nella spettacolare area della Riserva Regionale dell&#8217;Adelasia, sito inserito dall&#8217;Unione Europea tra i &#8220;Sic&#8221; ovvero siti naturalistici d&#8217;importanza comunitaria. L&#8217;evento, [&hellip;]<\/p>\n","protected":false},"author":13744,"featured_media":0,"comment_status":"open","ping_status":"closed","sticky":false,"template":"","format":"standard","meta":{"footnotes":""},"categories":[32],"tags":[10186,1255,85834,820],"class_list":["post-264508","post","type-post","status-publish","format-standard","hentry","category-sport","tag-cinghialtracks","tag-mountain-bike","tag-sport","tag-valbormida","post_cat_citta-cairo-montenotte"],"amp_validity":null,"amp_enabled":true,"_links":{"self":[{"href":"https:\/\/staging.ivg.it\/ediapi\/wp\/v2\/posts\/264508","targetHints":{"allow":["GET"]}}],"collection":[{"href":"https:\/\/staging.ivg.it\/ediapi\/wp\/v2\/posts"}],"about":[{"href":"https:\/\/staging.ivg.it\/ediapi\/wp\/v2\/types\/post"}],"author":[{"embeddable":true,"href":"https:\/\/staging.ivg.it\/ediapi\/wp\/v2\/users\/13744"}],"replies":[{"embeddable":true,"href":"https:\/\/staging.ivg.it\/ediapi\/wp\/v2\/comments?post=264508"}],"version-history":[{"count":0,"href":"https:\/\/staging.ivg.it\/ediapi\/wp\/v2\/posts\/264508\/revisions"}],"wp:attachment":[{"href":"https:\/\/staging.ivg.it\/ediapi\/wp\/v2\/media?parent=264508"}],"wp:term":[{"taxonomy":"category","embeddable":true,"href":"https:\/\/staging.ivg.it\/ediapi\/wp\/v2\/categories?post=264508"},{"taxonomy":"post_tag","embeddable":true,"href":"https:\/\/staging.ivg.it\/ediapi\/wp\/v2\/tags?post=264508"}],"curies":[{"name":"wp","href":"https:\/\/api.w.org\/{rel}","templated":true}]}}