{"id":264466,"date":"2014-05-20T18:08:22","date_gmt":"2014-05-20T16:08:22","guid":{"rendered":"http:\/\/www.ivg.it\/?p=264466"},"modified":"2014-05-20T18:08:22","modified_gmt":"2014-05-20T16:08:22","slug":"elezioni-finale-frascherelli-muso-duro-con-la-simonetti-pensa-di-avere-inventato-lagricoltura","status":"publish","type":"post","link":"https:\/\/staging.ivg.it\/2014\/05\/elezioni-finale-frascherelli-muso-duro-con-la-simonetti-pensa-di-avere-inventato-lagricoltura\/","title":{"rendered":"Elezioni Finale, Frascherelli a muso duro con la Simonetti: &#8220;Pensa di avere inventato l&#8217;agricoltura&#8221;"},"content":{"rendered":"<p><strong>Finale L.<\/strong> &#8220;Simona Simonetti continua la sua crociata contro il mio gruppo&#8221;. Cos\u00ec il candidato sindaco Ugo Frascherelli. &#8220;Non posso accettare i continui e sterili attacchi personali. Simona evidentemente pensa di aver inventato la agricoltura, di averne il copyright e di aver &#8220;scoperto&#8221;, prima al mondo, la figura del grande botanico finalese Giorgio Gallesio&#8221;. <\/p>\n<p>&#8220;D&#8217;altronde &#8211; prosegue Frascherelli &#8211; \u00e8 la stessa persona che, come si legge nell&#8217;articolo pubblicato ieri su Ivg, propone di creare a Finale, mediante la societ\u00e0 comunale Finale Ambiente che non pu\u00f2 operare fuori territorio, un centro di riciclaggio rifiuti i cui &#8220;progetti si sosterrebbero con i fondi per la ricerca e con la rivendita di materiali preziosi recuperati. Il che presuppone necessariamente la movimentazione di rilevanti quantit\u00e0 di rifiuti attraverso le gi\u00e0 intasate strade del nostro territorio. Un simile progetto per reggere finanziariamente, neccesita di una economia di scala e dovrebbe richiamare rifiuti dalle  grandi aree geografiche produttive e densamente abitate; trascura inoltre il principio di prossimit\u00e0 in forza del quale \u00e8 preferibile smaltire i rifiuti la&#8217; dove sono prodotti. Non a caso gran parte dei centri di riciclaggio sono sorti nelle aree industriali metropolitane&#8221;. <\/p>\n<p>&#8220;A proposito di agricoltura, e&#8217; palese &#8211; riflette Frascherelli &#8211; la contraddizione nel voler specializzare il territorio verso il turismo e l&#8217;agriturismo produttivo e poi voler affermare  contemporaneamente il ruolo di Finale come una sorte di capitale del riciclaggio rifiuti. Noi non intendiamo dare continue lezioni agli altri, ma con semplicit\u00e0 e senza presunzione, cerchiamo di portare avanti una campagna elettorale costruttiva e indirizzata alla concretezza e a dar soluzioni alla citt\u00e0 ed ai suoi cittadini&#8221;. <\/p>\n<p>&#8220;Simona \u00e8 animata dalla frenesia degli ultimi giorni di campagna, ma pu\u00f2 comunque stare tranquilla, se tiene alle buone idee in modo disinteressato sar\u00e0 contenta di veder trionfare la mia squadra laddove i finalesi decidessero di darci la fiducia come speriamo. Il continuo attaccare non fa di certo bene al rilancio di Finale Ligure. Spero tanto che comunque vadano le elezioni vinti e vincitori creino le premesse per poter far tornare grande la nostra citt\u00e0 senza attaccarsi a &#8216;questa \u00e8 la mia idea&#8217; o a &#8216;questo l&#8217;ho detto prima io&#8217;. Sempre pi\u00f9 convinto che Finale meriti un cambiamento, e con noi lo avr\u00e0&#8221;, conclude Ugo Frascherelli. <\/p>\n","protected":false},"excerpt":{"rendered":"<p>Finale L. &#8220;Simona Simonetti continua la sua crociata contro il mio gruppo&#8221;. Cos\u00ec il candidato sindaco Ugo Frascherelli. &#8220;Non posso accettare i continui e sterili attacchi personali. Simona evidentemente pensa di aver inventato la agricoltura, di averne il copyright e di aver &#8220;scoperto&#8221;, prima al mondo, la figura del grande botanico finalese Giorgio Gallesio&#8221;. &#8220;D&#8217;altronde [&hellip;]<\/p>\n","protected":false},"author":13744,"featured_media":0,"comment_status":"open","ping_status":"closed","sticky":false,"template":"","format":"standard","meta":{"footnotes":""},"categories":[31],"tags":[51617,8808,51686],"class_list":["post-264466","post","type-post","status-publish","format-standard","hentry","category-politica","tag-elezioni-finale","tag-simona-simonetti","tag-ugo-frascherelli","post_cat_citta-finale-ligure"],"amp_validity":null,"amp_enabled":true,"_links":{"self":[{"href":"https:\/\/staging.ivg.it\/ediapi\/wp\/v2\/posts\/264466","targetHints":{"allow":["GET"]}}],"collection":[{"href":"https:\/\/staging.ivg.it\/ediapi\/wp\/v2\/posts"}],"about":[{"href":"https:\/\/staging.ivg.it\/ediapi\/wp\/v2\/types\/post"}],"author":[{"embeddable":true,"href":"https:\/\/staging.ivg.it\/ediapi\/wp\/v2\/users\/13744"}],"replies":[{"embeddable":true,"href":"https:\/\/staging.ivg.it\/ediapi\/wp\/v2\/comments?post=264466"}],"version-history":[{"count":0,"href":"https:\/\/staging.ivg.it\/ediapi\/wp\/v2\/posts\/264466\/revisions"}],"wp:attachment":[{"href":"https:\/\/staging.ivg.it\/ediapi\/wp\/v2\/media?parent=264466"}],"wp:term":[{"taxonomy":"category","embeddable":true,"href":"https:\/\/staging.ivg.it\/ediapi\/wp\/v2\/categories?post=264466"},{"taxonomy":"post_tag","embeddable":true,"href":"https:\/\/staging.ivg.it\/ediapi\/wp\/v2\/tags?post=264466"}],"curies":[{"name":"wp","href":"https:\/\/api.w.org\/{rel}","templated":true}]}}