{"id":264331,"date":"2014-05-19T11:58:29","date_gmt":"2014-05-19T09:58:29","guid":{"rendered":"http:\/\/www.ivg.it\/?p=264331"},"modified":"2014-05-19T17:36:10","modified_gmt":"2014-05-19T15:36:10","slug":"elezioni-albissola-la-pedrazzini-risponde-alle-accuse-di-nasuti-la-verita-e-che-ha-paura-di-confrontarsi","status":"publish","type":"post","link":"https:\/\/staging.ivg.it\/2014\/05\/elezioni-albissola-la-pedrazzini-risponde-alle-accuse-di-nasuti-la-verita-e-che-ha-paura-di-confrontarsi\/","title":{"rendered":"Elezioni Albissola, la Pedrazzini risponde alle accuse di Nasuti: &#8220;La verit\u00e0 \u00e8 che ha paura di confrontarsi&#8221;"},"content":{"rendered":"<p><strong>Albissola<\/strong>. &#8220;Sia io sia il terzo candidato sindaco Ferrari abbiamo dato la massima disponibilit\u00e0 alla Societ\u00e0 Operaia Cattolica Santa Cecilia nella scelta della data per l&#8217;organizzazione del confronto a tre in vista delle elezioni comunali di domenica prossima&#8221;, inizia cos\u00ec la nota diffusa dal candidato sindaco di &#8220;Viviamo insieme Albissola&#8221; Viviana Pedrazzini, in merito alla questione dell&#8217;esclusione di Gianluca Nasuti dal dibattito elettorale che si terr\u00e0 questa sera. <\/p>\n<p>&#8220;Inizialmente &#8211; prosegue la Pedrazzini &#8211; le date proposte erano state gioved\u00ec 15 e venerd\u00ec 16 ma Nasuti aveva dichiarato la propria indisponibilit\u00e0: il 15 per impegni teatrali ed il 16 in quanto avrebbe dovuto partecipare all&#8217;evento organizzato dal Partito Democratico in Sala Rossa al Comune di Savona (evento al quale non ha poi partecipato)&#8221;.<\/p>\n<p>&#8220;Ritengo che il &#8216;faccia a faccia&#8217; a tre sia un momento di confronto importante per dare modo ai cittadini albissolesi di chiarirsi meglio le idee in vista del voto del 25 maggio. Nella mia agenda questo incontro \u00e8 diventato quello pi\u00f9 importante, possibile che Nasuti non possa fare altrettanto e non riesca a trovare una sera per il paese di cui vuole diventare sindaco?&#8221;, sottolinea la Pedrazzini. <\/p>\n<p>&#8220;Oggi Nasuti propone la giornata di gioved\u00ec, ma pensa sia giusto che un cittadino che ha assistito al confronto abbia solo un giorno (venerd\u00ec) per eventuali approfondimenti visto che sabato sar\u00e0 giornata di silenzio elettorale?&#8221;, si chiede il candidato sindaco. <\/p>\n<p>&#8220;Ho l&#8217;impressione che Nasuti abbia paura di confrontarsi e gridi al complotto per dare ad altri la colpa di un mancato confronto quando invece la responsabilit\u00e0 sar\u00e0 solo ed esclusivamente la sua&#8221;, conclude Viviana Pedrazzini. <\/p>\n","protected":false},"excerpt":{"rendered":"<p>Albissola. &#8220;Sia io sia il terzo candidato sindaco Ferrari abbiamo dato la massima disponibilit\u00e0 alla Societ\u00e0 Operaia Cattolica Santa Cecilia nella scelta della data per l&#8217;organizzazione del confronto a tre in vista delle elezioni comunali di domenica prossima&#8221;, inizia cos\u00ec la nota diffusa dal candidato sindaco di &#8220;Viviamo insieme Albissola&#8221; Viviana Pedrazzini, in merito alla [&hellip;]<\/p>\n","protected":false},"author":13744,"featured_media":0,"comment_status":"open","ping_status":"closed","sticky":false,"template":"","format":"standard","meta":{"footnotes":""},"categories":[31],"tags":[51693,26723,52887],"class_list":["post-264331","post","type-post","status-publish","format-standard","hentry","category-politica","tag-elezioni-albissola","tag-gianluca-nasuti","tag-viviana-pedrazzini","post_cat_citta-albissola-marina"],"amp_validity":null,"amp_enabled":true,"_links":{"self":[{"href":"https:\/\/staging.ivg.it\/ediapi\/wp\/v2\/posts\/264331","targetHints":{"allow":["GET"]}}],"collection":[{"href":"https:\/\/staging.ivg.it\/ediapi\/wp\/v2\/posts"}],"about":[{"href":"https:\/\/staging.ivg.it\/ediapi\/wp\/v2\/types\/post"}],"author":[{"embeddable":true,"href":"https:\/\/staging.ivg.it\/ediapi\/wp\/v2\/users\/13744"}],"replies":[{"embeddable":true,"href":"https:\/\/staging.ivg.it\/ediapi\/wp\/v2\/comments?post=264331"}],"version-history":[{"count":0,"href":"https:\/\/staging.ivg.it\/ediapi\/wp\/v2\/posts\/264331\/revisions"}],"wp:attachment":[{"href":"https:\/\/staging.ivg.it\/ediapi\/wp\/v2\/media?parent=264331"}],"wp:term":[{"taxonomy":"category","embeddable":true,"href":"https:\/\/staging.ivg.it\/ediapi\/wp\/v2\/categories?post=264331"},{"taxonomy":"post_tag","embeddable":true,"href":"https:\/\/staging.ivg.it\/ediapi\/wp\/v2\/tags?post=264331"}],"curies":[{"name":"wp","href":"https:\/\/api.w.org\/{rel}","templated":true}]}}