{"id":264328,"date":"2014-05-19T11:53:25","date_gmt":"2014-05-19T09:53:25","guid":{"rendered":"http:\/\/www.ivg.it\/?p=264328"},"modified":"2014-05-19T11:53:25","modified_gmt":"2014-05-19T09:53:25","slug":"albenga-m5s-incontro-pubblico-con-candidati-al-parlamento-europeo-ed-deputati-portavoce","status":"publish","type":"post","link":"https:\/\/staging.ivg.it\/2014\/05\/albenga-m5s-incontro-pubblico-con-candidati-al-parlamento-europeo-ed-deputati-portavoce\/","title":{"rendered":"Albenga, M5S: incontro pubblico con i candidati al Parlamento Europeo ed i deputati portavoce"},"content":{"rendered":"<p><strong>Albenga<\/strong>. Il Movimento 5 Stelle Albenga organizza per il 20 Maggio, dalle 21, un incontro con i candidati portavoce al Parlamento Europeo ed i parlamentari Matteo Mantero, Simone Valente e Sergio Battelli, per incontrare la cittadinanza, parlare del programma elettorale, di quello che sta accadendo in parlamento e ad Albenga. <\/p>\n<p>Sar\u00e0 l\u2019occasione di conoscere e approfondire il programma elettorale del M5S, che prevede: abolizione del Fiscal-Compact, cancellazione del Mes (meccanismo salva banche anzich\u00e9 stati), Eurobond, favorire il vero Made in Italy e le nostre produzioni agricole- gastronomiche, come vengono elargiti i fondi europei e con quale criterio, il pareggio di bilancio (cosa serve e sopratutto a chi serve e perch\u00e9 \u00e8 stato inserito cos\u00ec celermente in costituzione), sovranit\u00e0 monetaria (perch\u00e9 \u00e8 cos\u00ec importante che tramite un referendum i cittadini decidano se \u00e8 giusto riprendersela).<\/p>\n<p>&#8220;Per noi &#8211; sottolineano dal Movimento &#8211; l\u2019Europa deve ritornare una comunit\u00e0 di popoli,era nata con questo scopo ed \u00e8 fondamentale per il futuro che ritorni tale&#8221;. <\/p>\n<p>La giornata partir\u00e0 dal mattino alle 10 con l\u2019allestimento della piazza e del banchetto in cui il candidato sindaco e tutti i candidati consiglieri comunali saranno a disposizione della cittadinanza per confrontarsi e diffondere il programma elettorale per le elezioni amministrative del 25 Maggio.<\/p>\n","protected":false},"excerpt":{"rendered":"<p>Albenga. Il Movimento 5 Stelle Albenga organizza per il 20 Maggio, dalle 21, un incontro con i candidati portavoce al Parlamento Europeo ed i parlamentari Matteo Mantero, Simone Valente e Sergio Battelli, per incontrare la cittadinanza, parlare del programma elettorale, di quello che sta accadendo in parlamento e ad Albenga. Sar\u00e0 l\u2019occasione di conoscere e [&hellip;]<\/p>\n","protected":false},"author":13744,"featured_media":0,"comment_status":"open","ping_status":"closed","sticky":false,"template":"","format":"standard","meta":{"footnotes":""},"categories":[31],"tags":[85841,6189,2860,44585],"class_list":["post-264328","post","type-post","status-publish","format-standard","hentry","category-politica","tag-albenga","tag-elezioni-europee","tag-incontro","tag-m5s","post_cat_citta-albenga"],"amp_validity":null,"amp_enabled":true,"_links":{"self":[{"href":"https:\/\/staging.ivg.it\/ediapi\/wp\/v2\/posts\/264328","targetHints":{"allow":["GET"]}}],"collection":[{"href":"https:\/\/staging.ivg.it\/ediapi\/wp\/v2\/posts"}],"about":[{"href":"https:\/\/staging.ivg.it\/ediapi\/wp\/v2\/types\/post"}],"author":[{"embeddable":true,"href":"https:\/\/staging.ivg.it\/ediapi\/wp\/v2\/users\/13744"}],"replies":[{"embeddable":true,"href":"https:\/\/staging.ivg.it\/ediapi\/wp\/v2\/comments?post=264328"}],"version-history":[{"count":0,"href":"https:\/\/staging.ivg.it\/ediapi\/wp\/v2\/posts\/264328\/revisions"}],"wp:attachment":[{"href":"https:\/\/staging.ivg.it\/ediapi\/wp\/v2\/media?parent=264328"}],"wp:term":[{"taxonomy":"category","embeddable":true,"href":"https:\/\/staging.ivg.it\/ediapi\/wp\/v2\/categories?post=264328"},{"taxonomy":"post_tag","embeddable":true,"href":"https:\/\/staging.ivg.it\/ediapi\/wp\/v2\/tags?post=264328"}],"curies":[{"name":"wp","href":"https:\/\/api.w.org\/{rel}","templated":true}]}}