{"id":264088,"date":"2014-05-15T11:30:13","date_gmt":"2014-05-15T09:30:13","guid":{"rendered":"http:\/\/www.ivg.it\/?p=264088"},"modified":"2014-05-15T11:30:13","modified_gmt":"2014-05-15T09:30:13","slug":"elezioni-albenga-lappello-ai-moderati-dei-giovani-di-nucera-metteremo-da-parte-la-vecchia-politica","status":"publish","type":"post","link":"https:\/\/staging.ivg.it\/2014\/05\/elezioni-albenga-lappello-ai-moderati-dei-giovani-di-nucera-metteremo-da-parte-la-vecchia-politica\/","title":{"rendered":"Elezioni Albenga, l&#8217;appello ai moderati dei &#8220;giovani&#8221; di Nucera: &#8220;Metteremo da parte la vecchia politica&#8221;"},"content":{"rendered":"<p><strong>Albenga<\/strong>. &#8220;Si avvicina il 25 maggio e noi coordinatori delle tre liste in appoggio al candidato sindaco Massimiliano Nucera, nelle persone di Aldo Marino, Barbara Balbo e Michele Neri ci rivolgiamo ai pensierosi ed ancora, giustamente, dubbiosi elettori moderati&#8221;, inizia cos\u00ec la nota che i tre candidati a sostegno del candidato sindaco Massimiliano Nucera indirizzano ai cosiddetti &#8220;moderati&#8221;.<\/p>\n<p>&#8220;Vorremmo farci conoscere &#8211; continuano i candidati &#8211; in modo pi\u00f9 personale da ognuno di voi al fine di far passare il nostro messaggio, il nostro nuovo messaggio, di fare politica. Quella politica fatta di persone comuni ma altres\u00ec valide professionalmente e soprattutto moralmente. Quella politica contro le marchette contro i falsi ideologismi e le false promesse. Vorremmo perci\u00f2 allontanare i vecchi metodi ed i vecchi politicanti sulla scia di ci\u00f2 che sta accadendo a livello nazionale e pi\u00f9 precisamente a livello regionale. Siamo perci\u00f2 convinti che il nostro programma e i nostri propositi possano arrivare all&#8217;elettore attraversato da dubbi e domande come: &#8216;deve esistere un futuro per me e la collettivit\u00e0?'&#8221; <\/p>\n<p>&#8220;La risposta siamo noi giovani delle liste: &#8216;Civica Ingauna&#8217;, &#8216;Facciamo Albenga&#8217; ed i &#8216;Giovani della citt\u00e0&#8217; e crediamo proponendoci puliti, onesti e positivi di dare un futuro ad Albenga perch\u00e9 pensiamo che chi nella vita si \u00e8 &#8216;fatto da s\u00e9&#8217; possa portare qualcosa alla propria citt\u00e0. Quindi, forti nel credere al &#8216;bicchiere mezzo pieno&#8217;, chiediamo il voto per colmare la restante parte fatta di lavoro, sicurezza e onest\u00e0. Siamo le nuove leve  pronte a lavorare e lottare per un futuro ora molto incerto e pericoloso&#8221;, concludono Marino, Balbo e Neri. <\/p>\n","protected":false},"excerpt":{"rendered":"<p>Albenga. &#8220;Si avvicina il 25 maggio e noi coordinatori delle tre liste in appoggio al candidato sindaco Massimiliano Nucera, nelle persone di Aldo Marino, Barbara Balbo e Michele Neri ci rivolgiamo ai pensierosi ed ancora, giustamente, dubbiosi elettori moderati&#8221;, inizia cos\u00ec la nota che i tre candidati a sostegno del candidato sindaco Massimiliano Nucera indirizzano [&hellip;]<\/p>\n","protected":false},"author":13744,"featured_media":0,"comment_status":"open","ping_status":"closed","sticky":false,"template":"","format":"standard","meta":{"footnotes":""},"categories":[31],"tags":[16411,50768,23973],"class_list":["post-264088","post","type-post","status-publish","format-standard","hentry","category-politica","tag-aldo-marino","tag-elezioni-albenga","tag-massimiliano-nucera","post_cat_citta-albenga"],"amp_validity":null,"amp_enabled":true,"_links":{"self":[{"href":"https:\/\/staging.ivg.it\/ediapi\/wp\/v2\/posts\/264088","targetHints":{"allow":["GET"]}}],"collection":[{"href":"https:\/\/staging.ivg.it\/ediapi\/wp\/v2\/posts"}],"about":[{"href":"https:\/\/staging.ivg.it\/ediapi\/wp\/v2\/types\/post"}],"author":[{"embeddable":true,"href":"https:\/\/staging.ivg.it\/ediapi\/wp\/v2\/users\/13744"}],"replies":[{"embeddable":true,"href":"https:\/\/staging.ivg.it\/ediapi\/wp\/v2\/comments?post=264088"}],"version-history":[{"count":0,"href":"https:\/\/staging.ivg.it\/ediapi\/wp\/v2\/posts\/264088\/revisions"}],"wp:attachment":[{"href":"https:\/\/staging.ivg.it\/ediapi\/wp\/v2\/media?parent=264088"}],"wp:term":[{"taxonomy":"category","embeddable":true,"href":"https:\/\/staging.ivg.it\/ediapi\/wp\/v2\/categories?post=264088"},{"taxonomy":"post_tag","embeddable":true,"href":"https:\/\/staging.ivg.it\/ediapi\/wp\/v2\/tags?post=264088"}],"curies":[{"name":"wp","href":"https:\/\/api.w.org\/{rel}","templated":true}]}}