{"id":263989,"date":"2014-05-14T10:17:33","date_gmt":"2014-05-14T08:17:33","guid":{"rendered":"http:\/\/www.ivg.it\/?p=263989"},"modified":"2014-05-14T10:27:29","modified_gmt":"2014-05-14T08:27:29","slug":"elezioni-vivi-albissola-attacca-nasuti-smemorato-vuoi-solo-garantirti-la-poltrona","status":"publish","type":"post","link":"https:\/\/staging.ivg.it\/2014\/05\/elezioni-vivi-albissola-attacca-nasuti-smemorato-vuoi-solo-garantirti-la-poltrona\/","title":{"rendered":"Elezioni, &#8220;Vivi Albissola&#8221; attacca Nasuti: &#8220;Smemorato, vuoi solo garantirti la poltrona&#8221;"},"content":{"rendered":"<p><strong>Albissola<\/strong>. &#8220;Abbiamo letto con attenzione il programma elettorale del vice sindaco Nasuti e siamo rimasti sbigottiti di come abbia travisato la realt\u00e0 per meri interessi elettorali. Se gi\u00e0 si composta cos\u00ec ora, cosa si dovranno aspettare gli albissolesi nella malaugurata ipotesi dovesse diventare sindaco?&#8221;, questo l&#8217;incipit della nota con cui il gruppo consiliare &#8220;Vivi Albissola&#8221; attacca Gianluca Nasuti, vice sindaco uscente e candidato alla poltrona di primo cittadino con la lista \u201cAlbissola Concreta\u201d. <\/p>\n<p>&#8220;Dal programma del vice sindaco Nasuti: &#8216;Al momento dell\u2019insediamento l\u2019amministrazione Parodi aveva lasciato 1 milione di euro di fatture arretrate da pagare. Oggi paghiamo a 30 \u2013 60 giorni e non vi sono passivit\u00e0 arretrate&#8217;. Si insinua che l\u2019amministrazione Parodi abbia lasciato un buco nel bilancio comunale di 1 milione di euro ma la verit\u00e0 \u00e8 un\u2019altra. La normativa legata al Patto di Stabilit\u00e0 in vigore all&#8217;epoca sostanzialmente impediva il pagamento immediato delle fatture ai fornitori. Chiunque abbia fatto attivit\u00e0 amministrativa sa perfettamente che non si possono spendere soldi pubblici se non \u00e8 certificata e coperta dalle entrate la spesa prevista. <\/p>\n<p>&#8220;Oggi il Governo nazionale ha modificato la normativa per consentire, giustamente, termini pi\u00f9 brevi per il pagamento delle fatture ai fornitori. Se effettivamente avessimo lasciato un buco di 1 milione di euro i revisori dei conti dell\u2019epoca non avrebbero, evidentemente, potuto certificare il bilancio (un obbligo di legge) come invece fecero&#8221;. <\/p>\n<p>&#8220;Queste cose &#8211; proseguono i consiglieri di &#8220;Vivi Albissola&#8221; &#8211; le dovrebbe ben sapere uno dei tre revisori di allora che oggi \u00e8 candidato proprio con Nasuti e constat\u00f2 il corretto operato dell\u2019amministrazione Parodi. Altra inconfutabile prova che l&#8217;amministrazione di &#8216;Vivi Albissola&#8217; non ha lasciato alcun ammanco \u00e8 che, qualora il vice sindaco Nasuti avesse trovato realmente degli ammanchi, avrebbe dovuto denunziare il fatto alla Corte dei Conti, pena la corresponsabilit\u00e0&#8221;. <\/p>\n<p>&#8220;Dal programma del vice sindaco Nasuti &#8211; proseguono &#8211; &#8216;E\u2019 inutile ricordare la disastrosa situazione edilizia sulle aree ex Arcos lasciata dall&#8217;amministrazione Parodi, che aveva consentito alla Societ\u00e0 Immobiliare di realizzare quasi totalmente l\u2019intervento privato senza provvedere all&#8217;esecuzione delle urbanizzazioni a favore dei Comune per pi\u00f9 di 2 milioni di euro. E\u2019stata ottenuta la realizzazione<br \/>\ndei giardino pubblico&#8217;. Rifacimento di via delle Industrie (fognature ed impianti), dell\u2019illuminazione, dei marciapiedi (prima inesistenti), della sede stradale: questo \u00e8 quanto \u00e8 stato realizzato come oneri di urbanizzazione durante amministrazione Parodi. Inoltre \u00e8 stata realizzata ed offerta a prezzi agevolati agli albissolesi la palazzina di edilizia convenzionata, \u00e8 stato iniziato l\u2019allargamento di via delle Rogazioni e riqualificata l\u2019area dove era presente il deposito auto. Li consideriamo lavori importanti che hanno migliorato la qualit\u00e0 delle vita di un intero quartiere. Per quanto riguarda<br \/>\nil giardino pubblico durante la sua inaugurazione il sindaco Vicenzi ringrazi\u00f2 pubblicamente Parodi per quest\u2019opera attribuendogli tutti i meriti. Piuttosto, rivolgiamo a Nasuti una domanda: tu cosa hai fatto in 5 anni?&#8221;<\/p>\n<p>&#8220;Rispondiamo noi per te &#8211; attaccano &#8211; una cosa sola: hai realizzato una variante che ha eliminato l\u2019albergo dalla riqualificazione dell\u2019ex Arcos mentre l\u2019amministrazione Parodi non concesse mai al costruttore cambi di destinazione d\u2019uso. E chiediamo ancora a Nasuti come mai non sia stata ancora realizzata la palestra, ultimo onere dovuto al Comune, visto che proprio Nasuti ha tenuto in questi 5 anni i rapporti con l\u2019impresa che, a tutt\u2019oggi, non risulta fallita. L\u2019amministrazione Parodi si era cautelata da un\u2019 eventualit\u00e0 del genere richiedendo ed ottenendo dall&#8217;impresa un&#8217;adeguata fidejussione bancaria a copertura di eventuali oneri non corrisposti al Comune, ma questo Nasuti lo sa?&#8221;<\/p>\n<p>&#8220;E ricordati, caro smemorato Nasuti, che in Consiglio comunale hai affermato che al Ministero ti avevano fatto i complimenti in quanto il Pru (Piano Riqualificazione Urbana) dell\u2019ex Arcos era uno di quelli pi\u00f9 avanti nella realizzazione di tutta Italia. E di chi era il merito se non dell\u2019amministrazione Parodi? Dal programma del vice sindaco Nasuti: &#8216;rifacimento pavimentazione e sottoservizi di via Repetto&#8217;. Purtroppo questo progetto, inserito fra quelli pi\u00f9 urgenti dall&#8217;amministrazione Parodi e rimosso da quella Vicenzi (vice sindaco Nasuti), non compare nel programma triennale delle opere pubbliche 2014 \u2013 2016 presentato nel Consiglio Comunale del 14 maggio. Un\u2019altra falsa promessa elettorale&#8221;. <\/p>\n<p>&#8220;Dal programma del vice sindaco Nasuti: &#8216;limitando la circolazione sull&#8217;Aurelia, potremmo immaginare di pedonalizzarla restituendo il borgo al mare&#8217;. Una bella idea di cui Nasuti non pu\u00f2 promettere la realizzazione: sull&#8217;Aurelia il Comune non ha nessuna competenza che \u00e8 in capo all&#8217;Anas.<\/p>\n<p>&#8220;Leggendo il programma di Nasuti ci ha fatto piacere constatare che i progetti pi\u00f9 importanti che propone per Albissola (a partire dal cos\u00ec detto raddrizzamento di via delle industrie) sono eredit\u00e0 lasciate dall\u2019amministrazione Parodi, ma su questo Nasuti ha avuto stranamente&#8217; un\u2019amnesia&#8221;.<\/p>\n<p>&#8220;Ma un\u2019altra amnesia colpisce l\u2019attuale vice sindaco ed assessore all&#8217;urbanistica, cultura e turismo. Nasuti omette (o forse se ne vergogna) che in caso di vittoria nominer\u00e0 vice sindaco il suo pi\u00f9 fiero oppositore, Silvestro, a suggellare un\u2019alleanza elettorale che ha l\u2019unico scopo di garantirsi una poltrona per 5 anni&#8221;, concludono i consiglieri di &#8220;Vivi Albissola&#8221;. <\/p>\n","protected":false},"excerpt":{"rendered":"<p>Albissola. &#8220;Abbiamo letto con attenzione il programma elettorale del vice sindaco Nasuti e siamo rimasti sbigottiti di come abbia travisato la realt\u00e0 per meri interessi elettorali. Se gi\u00e0 si composta cos\u00ec ora, cosa si dovranno aspettare gli albissolesi nella malaugurata ipotesi dovesse diventare sindaco?&#8221;, questo l&#8217;incipit della nota con cui il gruppo consiliare &#8220;Vivi Albissola&#8221; [&hellip;]<\/p>\n","protected":false},"author":13744,"featured_media":0,"comment_status":"open","ping_status":"closed","sticky":false,"template":"","format":"standard","meta":{"footnotes":""},"categories":[31],"tags":[53170,51693,26723,9640],"class_list":["post-263989","post","type-post","status-publish","format-standard","hentry","category-politica","tag-albissola-concreta","tag-elezioni-albissola","tag-gianluca-nasuti","tag-vivi-albissola","post_cat_citta-albissola-marina"],"amp_validity":null,"amp_enabled":true,"_links":{"self":[{"href":"https:\/\/staging.ivg.it\/ediapi\/wp\/v2\/posts\/263989","targetHints":{"allow":["GET"]}}],"collection":[{"href":"https:\/\/staging.ivg.it\/ediapi\/wp\/v2\/posts"}],"about":[{"href":"https:\/\/staging.ivg.it\/ediapi\/wp\/v2\/types\/post"}],"author":[{"embeddable":true,"href":"https:\/\/staging.ivg.it\/ediapi\/wp\/v2\/users\/13744"}],"replies":[{"embeddable":true,"href":"https:\/\/staging.ivg.it\/ediapi\/wp\/v2\/comments?post=263989"}],"version-history":[{"count":0,"href":"https:\/\/staging.ivg.it\/ediapi\/wp\/v2\/posts\/263989\/revisions"}],"wp:attachment":[{"href":"https:\/\/staging.ivg.it\/ediapi\/wp\/v2\/media?parent=263989"}],"wp:term":[{"taxonomy":"category","embeddable":true,"href":"https:\/\/staging.ivg.it\/ediapi\/wp\/v2\/categories?post=263989"},{"taxonomy":"post_tag","embeddable":true,"href":"https:\/\/staging.ivg.it\/ediapi\/wp\/v2\/tags?post=263989"}],"curies":[{"name":"wp","href":"https:\/\/api.w.org\/{rel}","templated":true}]}}