{"id":263983,"date":"2014-05-14T08:42:56","date_gmt":"2014-05-14T06:42:56","guid":{"rendered":"http:\/\/www.ivg.it\/?p=263983"},"modified":"2014-05-14T08:42:56","modified_gmt":"2014-05-14T06:42:56","slug":"savona-lassociazione-giovani-per-la-scienza-compie-9-anni-ed-elegge-il-nuovo-consiglio-direttivo","status":"publish","type":"post","link":"https:\/\/staging.ivg.it\/2014\/05\/savona-lassociazione-giovani-per-la-scienza-compie-9-anni-ed-elegge-il-nuovo-consiglio-direttivo\/","title":{"rendered":"Savona: l&#8217;associazione &#8220;Giovani per la scienza&#8221; compie 9 anni ed elegge il nuovo consiglio direttivo"},"content":{"rendered":"<p><strong>Savona<\/strong><strong>. Il 9 maggio i &#8220;Giovani per la Scienza&#8221; si sono riuniti presso il Campus Universitario di Savona nella loro assemblea ordinaria per parlare dei progetti da loro realizzati e per festeggiare i 9 anni trascorsi dalla fondazione. Eletto anche il nuovo consiglio direttivo. <\/p>\n<p>Sono stati 12 i fondatori dell\u2019associazione il 19 aprile del 2005, affascinati dalla commemorazione del centenario di Einstein e da quel mondo della relativit\u00e0, che da una parte suscita fantasia e immaginazione tipiche delle menti giovani, dall&#8217;altra richiede grande impegno e profondit\u00e0 di pensiero per poter avvicinarsi alla comprensione scientifica di un mondo cos\u00ec al di l\u00e0 dell\u2019immediato, eppure indispensabile ormai in tutti i grandi progetti realizzati dall&#8217;uomo.<\/p>\n<p>I 12 fondatori hanno raggiunto con successo il loro posto nel mondo del lavoro e ora spingono le nuove leve a portare avanti le tante attivit\u00e0 che ormai fanno parte del numerosissimo gruppo, vicino ai 100 soci.<\/p>\n<p>Per questo \u00e8 stato eletto il nuovo consiglio direttivo, con la maggioranza ai giovani: Bianca Ferrari Presidente, Stefano Bruzzone vicepresidente e i consiglieri Luciano Arfini, Ezio Battistelli, Guido Sivori, Giulio Pizzigoni, Vincenzo Craviotto.<\/p>\n","protected":false},"excerpt":{"rendered":"<p>Savona. Il 9 maggio i &#8220;Giovani per la Scienza&#8221; si sono riuniti presso il Campus Universitario di Savona nella loro assemblea ordinaria per parlare dei progetti da loro realizzati e per festeggiare i 9 anni trascorsi dalla fondazione. Eletto anche il nuovo consiglio direttivo. Sono stati 12 i fondatori dell\u2019associazione il 19 aprile del 2005, [&hellip;]<\/p>\n","protected":false},"author":13744,"featured_media":0,"comment_status":"open","ping_status":"closed","sticky":false,"template":"","format":"standard","meta":{"footnotes":""},"categories":[],"tags":[2956,11174,28876,85850],"class_list":["post-263983","post","type-post","status-publish","format-standard","hentry","tag-associazione","tag-consiglio-direttivo","tag-giovani-per-la-scienza","tag-savona","post_cat_citta-savona"],"amp_validity":null,"amp_enabled":true,"_links":{"self":[{"href":"https:\/\/staging.ivg.it\/ediapi\/wp\/v2\/posts\/263983","targetHints":{"allow":["GET"]}}],"collection":[{"href":"https:\/\/staging.ivg.it\/ediapi\/wp\/v2\/posts"}],"about":[{"href":"https:\/\/staging.ivg.it\/ediapi\/wp\/v2\/types\/post"}],"author":[{"embeddable":true,"href":"https:\/\/staging.ivg.it\/ediapi\/wp\/v2\/users\/13744"}],"replies":[{"embeddable":true,"href":"https:\/\/staging.ivg.it\/ediapi\/wp\/v2\/comments?post=263983"}],"version-history":[{"count":0,"href":"https:\/\/staging.ivg.it\/ediapi\/wp\/v2\/posts\/263983\/revisions"}],"wp:attachment":[{"href":"https:\/\/staging.ivg.it\/ediapi\/wp\/v2\/media?parent=263983"}],"wp:term":[{"taxonomy":"category","embeddable":true,"href":"https:\/\/staging.ivg.it\/ediapi\/wp\/v2\/categories?post=263983"},{"taxonomy":"post_tag","embeddable":true,"href":"https:\/\/staging.ivg.it\/ediapi\/wp\/v2\/tags?post=263983"}],"curies":[{"name":"wp","href":"https:\/\/api.w.org\/{rel}","templated":true}]}}