{"id":263933,"date":"2014-05-13T13:33:58","date_gmt":"2014-05-13T11:33:58","guid":{"rendered":"http:\/\/www.ivg.it\/?p=263933"},"modified":"2014-05-13T13:33:58","modified_gmt":"2014-05-13T11:33:58","slug":"che-bello-accogliere-croceristi-il-racconto-di-una-giornata-di-festa-finalborgo-e-allaycardi-torna-la-musica","status":"publish","type":"post","link":"https:\/\/staging.ivg.it\/2014\/05\/che-bello-accogliere-croceristi-il-racconto-di-una-giornata-di-festa-finalborgo-e-allaycardi-torna-la-musica\/","title":{"rendered":"&#8220;Che bello accogliere i croceristi&#8221;, il racconto di una giornata di festa a Finalborgo: e all&#8217;Aycardi torna la musica"},"content":{"rendered":"<p><strong>Finale Ligure.<\/strong> E\u2019 stata una grande giornata di festa quella che \u00e8 andata in scena domenica a Finalborgo. &#8220;L\u2019arrivo dei 250 croceristi ha animato un rione gi\u00e0 vivo di suo e sempre pi\u00f9 tappa obbligatoria per turisti di ogni et\u00e0 &#8211; sostiene Simone Parodi, nuovo presidente di finalborgo.it, l\u2019associazione che insieme alla \u201cRete del Chinotto\u201d ha organizzato l\u2019evento &#8211; Veramente una bella giornata, e che bello aver accolto i croceristi con i bambini impegnati nel torneo di pallavolo nelle piazze\u201d.<\/p>\n<p>Grande entusiasmo nei meravigliosi chiostri di Santa Caterina dove sono state presentate le peculiarit\u00e0 e le eccellenze locali e nel teatro Aycardi, ormai quasi completamente restaurato ed aperto per l\u2019occasione. Un vero tuffo nel passato per molti residenti che hanno partecipato al pranzo dell\u2019associazione \u201cI Nostri Vegi du Burgu\u201d e che hanno piacevolmente ricordato la loro infanzia, le feste di Carnevale e le serate musicali, abituali prima della chiusura dello stabile avvenuta nel 1965.<\/p>\n<p>\u201cE\u2019 stato un po\u2019 come tornare a casa &#8211; commenta Alessandro Cara, presidente della Societ\u00e0 Filarmonica di Finalborgo ed organizzatore del concerto del pomeriggio &#8211; che gioia riportare la musica nell\u2019Aycardi che ha risposto con la consueta magia ed un\u2019acustica sorprendente\u201d.<\/p>\n<p>Visitato da centinaia di persone grazie al contributo del Fai, Fondo Ambiente Italiano, \u00e8 stata proprio questa piccola meraviglia al centro della giornata e nelle bocche degli abitanti negli aperitivi della sera. Un teatro ottocentesco proiettato nel futuro che tutti a Finalborgo, terminati i lavori di ristrutturazione, vorrebbero aperto e funzionante, simbolo di un paese intenso che sa coniugare sport e cultura. <\/p>\n","protected":false},"excerpt":{"rendered":"<p>Finale Ligure. E\u2019 stata una grande giornata di festa quella che \u00e8 andata in scena domenica a Finalborgo. &#8220;L\u2019arrivo dei 250 croceristi ha animato un rione gi\u00e0 vivo di suo e sempre pi\u00f9 tappa obbligatoria per turisti di ogni et\u00e0 &#8211; sostiene Simone Parodi, nuovo presidente di finalborgo.it, l\u2019associazione che insieme alla \u201cRete del Chinotto\u201d [&hellip;]<\/p>\n","protected":false},"author":13744,"featured_media":0,"comment_status":"open","ping_status":"closed","sticky":false,"template":"","format":"standard","meta":{"footnotes":""},"categories":[],"tags":[15921,86109,85844,52320],"class_list":["post-263933","post","type-post","status-publish","format-standard","hentry","tag-crocieristi","tag-finalborgo","tag-finale-ligure","tag-teatro-aycardi","post_cat_citta-finale-ligure"],"amp_validity":null,"amp_enabled":true,"_links":{"self":[{"href":"https:\/\/staging.ivg.it\/ediapi\/wp\/v2\/posts\/263933","targetHints":{"allow":["GET"]}}],"collection":[{"href":"https:\/\/staging.ivg.it\/ediapi\/wp\/v2\/posts"}],"about":[{"href":"https:\/\/staging.ivg.it\/ediapi\/wp\/v2\/types\/post"}],"author":[{"embeddable":true,"href":"https:\/\/staging.ivg.it\/ediapi\/wp\/v2\/users\/13744"}],"replies":[{"embeddable":true,"href":"https:\/\/staging.ivg.it\/ediapi\/wp\/v2\/comments?post=263933"}],"version-history":[{"count":0,"href":"https:\/\/staging.ivg.it\/ediapi\/wp\/v2\/posts\/263933\/revisions"}],"wp:attachment":[{"href":"https:\/\/staging.ivg.it\/ediapi\/wp\/v2\/media?parent=263933"}],"wp:term":[{"taxonomy":"category","embeddable":true,"href":"https:\/\/staging.ivg.it\/ediapi\/wp\/v2\/categories?post=263933"},{"taxonomy":"post_tag","embeddable":true,"href":"https:\/\/staging.ivg.it\/ediapi\/wp\/v2\/tags?post=263933"}],"curies":[{"name":"wp","href":"https:\/\/api.w.org\/{rel}","templated":true}]}}