{"id":263871,"date":"2014-05-12T16:36:28","date_gmt":"2014-05-12T14:36:28","guid":{"rendered":"http:\/\/www.ivg.it\/?p=263871"},"modified":"2014-05-12T16:36:28","modified_gmt":"2014-05-12T14:36:28","slug":"elezioni-europee-giovedi-strescino-al-mercato-di-cairo-per-ncd-e-udc","status":"publish","type":"post","link":"https:\/\/staging.ivg.it\/2014\/05\/elezioni-europee-giovedi-strescino-al-mercato-di-cairo-per-ncd-e-udc\/","title":{"rendered":"Elezioni Europee, gioved\u00ec Strescino al mercato di Cairo per Ncd e Udc"},"content":{"rendered":"<p><strong>Cairo Montenotte.<\/strong> Tour valbormidese per Paolo Strescino, presidente del Consiglio Comunale di Imperia in carica e candidato alle elezioni europee del 25 maggio prossimo nella lista Ncd-Udc del collegio Nord-Ovest che comprende Liguria, Lombardia, Piemonte e Valle d&#8217;Aosta. Strescino sar\u00e0 presente gioved\u00ec al mercato settimanale di Cairo Montenotte con un gazebo informativo, per incontrare i cittadini e confrontarsi con loro.<\/p>\n<p>Nella mattinata incontrer\u00e0 anche alcuni amministratori locali. Ad accompagnare il candidato europeo saranno Luigi Bussalai, portavoce provinciale del Ncd, l\u2019assessore cairese Fabrizio Ghione, membro della direzione provinciale dell\u2019Udc, e Alberto Bonifacino, presidente del Circolo Ncd Valbormida.<\/p>\n<p>\u201cIl nostro territorio ha bisogno di essere rappresentato in Europa &#8211; spiega l\u2019assessore Fabrizio Ghione &#8211; perch\u00e9 solo cos\u00ec potremo far valere le nostre necessit\u00e0 e garantire uno sviluppo reale del nostro territorio. Abbiam bisogno di liguri a rappresentarci e non personaggi sconosciuti calati dall\u2019alto che non conoscono i problemi e le capacit\u00e0 del territorio&#8230;&#8221;.<\/p>\n<p>&#8220;Tra una sinistra spaccata e un Pd continuamente bloccato dagli ostruzionismi delle sue minoranze, l&#8217;alleanza Udc-Ncd rappresenta l&#8217;unica alternativa valida per la costruzione di un nuova grande area che ricordi quei valori di collettivit\u00e0 e partecipazione figli della prima casa post Prima Repubblica, poi affogata dai personalismi dei singoli &#8211; continua Ghione &#8211; Oggi i moderati, liberali e cattolici italiani hanno finalmente la possibilit\u00e0 di scegliere una classe politica che si ispiri realmente ai valori europeisti e popolari e riprenda per mano il Paese per accompagnarlo lungo il cammino dello sviluppo e della crescita\u201d.<\/p>\n","protected":false},"excerpt":{"rendered":"<p>Cairo Montenotte. Tour valbormidese per Paolo Strescino, presidente del Consiglio Comunale di Imperia in carica e candidato alle elezioni europee del 25 maggio prossimo nella lista Ncd-Udc del collegio Nord-Ovest che comprende Liguria, Lombardia, Piemonte e Valle d&#8217;Aosta. Strescino sar\u00e0 presente gioved\u00ec al mercato settimanale di Cairo Montenotte con un gazebo informativo, per incontrare i [&hellip;]<\/p>\n","protected":false},"author":13744,"featured_media":0,"comment_status":"open","ping_status":"closed","sticky":false,"template":"","format":"standard","meta":{"footnotes":""},"categories":[31],"tags":[85987,6189,8449,53635],"class_list":["post-263871","post","type-post","status-publish","format-standard","hentry","category-politica","tag-cairo-montenotte","tag-elezioni-europee","tag-fabrizio-ghione","tag-paolo-strescino","post_cat_citta-cairo-montenotte"],"amp_validity":null,"amp_enabled":true,"_links":{"self":[{"href":"https:\/\/staging.ivg.it\/ediapi\/wp\/v2\/posts\/263871","targetHints":{"allow":["GET"]}}],"collection":[{"href":"https:\/\/staging.ivg.it\/ediapi\/wp\/v2\/posts"}],"about":[{"href":"https:\/\/staging.ivg.it\/ediapi\/wp\/v2\/types\/post"}],"author":[{"embeddable":true,"href":"https:\/\/staging.ivg.it\/ediapi\/wp\/v2\/users\/13744"}],"replies":[{"embeddable":true,"href":"https:\/\/staging.ivg.it\/ediapi\/wp\/v2\/comments?post=263871"}],"version-history":[{"count":0,"href":"https:\/\/staging.ivg.it\/ediapi\/wp\/v2\/posts\/263871\/revisions"}],"wp:attachment":[{"href":"https:\/\/staging.ivg.it\/ediapi\/wp\/v2\/media?parent=263871"}],"wp:term":[{"taxonomy":"category","embeddable":true,"href":"https:\/\/staging.ivg.it\/ediapi\/wp\/v2\/categories?post=263871"},{"taxonomy":"post_tag","embeddable":true,"href":"https:\/\/staging.ivg.it\/ediapi\/wp\/v2\/tags?post=263871"}],"curies":[{"name":"wp","href":"https:\/\/api.w.org\/{rel}","templated":true}]}}