{"id":263586,"date":"2014-05-08T08:23:27","date_gmt":"2014-05-08T06:23:27","guid":{"rendered":"http:\/\/www.ivg.it\/?p=263586"},"modified":"2014-05-08T15:33:26","modified_gmt":"2014-05-08T13:33:26","slug":"arrestato-dalla-dia-lex-ministro-claudio-scajola","status":"publish","type":"post","link":"https:\/\/staging.ivg.it\/2014\/05\/arrestato-dalla-dia-lex-ministro-claudio-scajola\/","title":{"rendered":"Arrestato dalla Dia l&#8217;ex ministro Claudio Scajola: i retroscena dell&#8217;inchiesta"},"content":{"rendered":"<p><strong>Liguria<\/strong>. Claudio Scajola \u00e8 stato arrestato questa mattina dalla Dia di Reggio Calabria mentre era in un noto albergo della capitale.<\/p>\n<p>A far scattare il provvedimento per l&#8217;ex ministro, come ha spiegato il procuratore di Reggio Calabria Federico Cafiero De Raho, \u00e8 la convinzione che Scajola abbia aiutato l&#8217;ex parlamentare Amedeo Matacena a sottrarsi alla cattura per l&#8217;esecuzione pena dopo essere stato condannato in via definitiva per concorso esterno in associazione mafiosa. Matacena, al momento latitante, \u00e8 un noto imprenditore calabrese, figlio dell&#8217;omonimo armatore morto nel 2003 e noto per avere dato inizio al traghettamento nello Stretto di Messina.<\/p>\n<p>L&#8217;operazione che ha portato all&#8217;arresto dell&#8217;ex ministro Claudio Scajola rientra nell&#8217;indagine &#8220;Breakfast&#8221;, che da pi\u00f9 di due anni vede impegnata la Dia di Reggio Calabria nella ricerca dei reinvestimenti di capitali illeciti, movimentati dalla &#8216;ndrangheta in Italia ed all&#8217;estero.<\/p>\n<p>Oltre a Scajola, la madre dell&#8217;imprenditore reggino, Raffaella De Carolis, e la moglie Chiara Rizzo, sono coinvolti Martino Politi, Antonio Chillemi e la segretaria di Scajola, Roberta Sacco. Gli indagati sono accusati a vario titolo di aver, con la loro interposizione, agevolato Matacena ad occultare la reale titolarit\u00e0 e disponibilit\u00e0 dei suoi beni, nonch\u00e9 di aver favorito la latitanza all&#8217;estero di quest&#8217;ultimo. I provvedimenti complessivamente eseguiti stamattina sono otto: tra gli arrestati, figurano persone ritenute legate al noto imprenditore reggino.<\/p>\n<p>&#8220;Amedeo Matacena godeva e gode tuttora di una rete di complicit\u00e0 ad alti livelli grazie alla quale \u00e8 riuscito a sottrarsi all&#8217;arresto&#8221; sono state le parole del procuratore della Repubblica Federico Cafiero De Raho commentando l&#8217;inchiesta che ha portato all&#8217;arresto, tra gli altri, di Scajola. L&#8217;ex ministro, secondo l&#8217;accusa, avrebbe aiutato Matacena a sottrarsi alla cattura in virt\u00f9 dei rapporti che ha con sua famiglia. <\/p>\n<p>Claudio Scajola stava cercando di fare uscire Amedeo Matacena da Dubai, dove si trova attualmente, per farlo andare in Libano dove sarebbe stato al sicuro dall&#8217;arresto per l&#8217;esecuzione pena per la condanna a 5 anni subita per concorso esterno in associazione mafiosa. Dopo essere fuggito dall&#8217;Italia, infatti, Matacena ha girato alcuni Paesi fino ad arrivare negli Emirati Arabi Uniti dove era stato arrestato dalla polizia locale al suo arrivo all&#8217;aeroporto di Dubai su segnalazione delle autorit\u00e0 italiane. Pochi giorni dopo, pero&#8217;, Matacena \u00e8 tornato in libert\u00e0 in quanto non e&#8217; stata completata la procedura di estradizione in Italia.<\/p>\n<p>La giurisdizione degli Emirati arabi, dove non esiste il reato di criminalit\u00e0 organizzata e con i quali l&#8217;Italia non ha accordi bilaterali, prevede che i cittadini stranieri in attesa di estradizione non possano essere privati della libert\u00e0 oltre un certo limite di tempo. Matacena non poteva per\u00f2 lasciare il Paese arabo in quanto privato del passaporto. E&#8217; in questa fase, secondo l&#8217;accusa, che sarebbe intervenuto Scajola che avrebbe cercato di aiutare Matacena a trasferirsi in Libano. Gli altri arrestati, invece, stavano cercando di sistemare dei factotum di Matacena al vertice di alcune societ\u00e0.<\/p>\n<p>La Dia nel frattempo sta eseguendo numerose perquisizioni in Piemonte, Lombardia, Liguria, Emilia Romagna, Lazio, Calabria e Sicilia, oltre a sequestri di societ\u00e0 commerciali italiane, collegate a societ\u00e0 estere, per un valore di circa 50 milioni di euro. Un blitz, intorno alle 9,30, \u00e8 scattato anche nell&#8217;ufficio dell&#8217;ex ministro in via Matteotti a Imperia. Roberta Sacco, segretaria di Scajola, ha accompagnato alcuni uomini dell&#8217;Antimafia nei locali del primo piano. L&#8217;ufficio era gi\u00e0 presidiato da alcune ore da agenti in borghese. Nel frattempo \u00e8 in corso a Villa Ninina in via Diano Calderina un&#8217;altra perquisizione sempre da parte della Dia di Reggio Calabria. <\/p>\n","protected":false},"excerpt":{"rendered":"<p>Liguria. Claudio Scajola \u00e8 stato arrestato questa mattina dalla Dia di Reggio Calabria mentre era in un noto albergo della capitale. A far scattare il provvedimento per l&#8217;ex ministro, come ha spiegato il procuratore di Reggio Calabria Federico Cafiero De Raho, \u00e8 la convinzione che Scajola abbia aiutato l&#8217;ex parlamentare Amedeo Matacena a sottrarsi alla [&hellip;]<\/p>\n","protected":false},"author":13744,"featured_media":0,"comment_status":"open","ping_status":"closed","sticky":false,"template":"","format":"standard","meta":{"footnotes":""},"categories":[34,31],"tags":[54054,2800,24626],"class_list":["post-263586","post","type-post","status-publish","format-standard","hentry","category-cronaca","category-politica","tag-arrestati-claudio-scajola","tag-claudio-scajola","tag-dia","post_cat_citta-andora"],"amp_validity":null,"amp_enabled":true,"_links":{"self":[{"href":"https:\/\/staging.ivg.it\/ediapi\/wp\/v2\/posts\/263586","targetHints":{"allow":["GET"]}}],"collection":[{"href":"https:\/\/staging.ivg.it\/ediapi\/wp\/v2\/posts"}],"about":[{"href":"https:\/\/staging.ivg.it\/ediapi\/wp\/v2\/types\/post"}],"author":[{"embeddable":true,"href":"https:\/\/staging.ivg.it\/ediapi\/wp\/v2\/users\/13744"}],"replies":[{"embeddable":true,"href":"https:\/\/staging.ivg.it\/ediapi\/wp\/v2\/comments?post=263586"}],"version-history":[{"count":0,"href":"https:\/\/staging.ivg.it\/ediapi\/wp\/v2\/posts\/263586\/revisions"}],"wp:attachment":[{"href":"https:\/\/staging.ivg.it\/ediapi\/wp\/v2\/media?parent=263586"}],"wp:term":[{"taxonomy":"category","embeddable":true,"href":"https:\/\/staging.ivg.it\/ediapi\/wp\/v2\/categories?post=263586"},{"taxonomy":"post_tag","embeddable":true,"href":"https:\/\/staging.ivg.it\/ediapi\/wp\/v2\/tags?post=263586"}],"curies":[{"name":"wp","href":"https:\/\/api.w.org\/{rel}","templated":true}]}}