{"id":263462,"date":"2014-05-06T16:17:45","date_gmt":"2014-05-06T14:17:45","guid":{"rendered":"http:\/\/www.ivg.it\/?p=263462"},"modified":"2014-05-06T16:17:45","modified_gmt":"2014-05-06T14:17:45","slug":"varazze-cerruti-bandiere-blu-e-verdi-con-noi-e-la-normalita","status":"publish","type":"post","link":"https:\/\/staging.ivg.it\/2014\/05\/varazze-cerruti-bandiere-blu-e-verdi-con-noi-e-la-normalita\/","title":{"rendered":"Varazze, Cerruti: &#8220;Bandiere blu e verdi? Con noi \u00e8 la normalit\u00e0&#8221;"},"content":{"rendered":"<p><strong>Varazze<\/strong>. &#8220;La tutela dell&#8217;ambiente \u00e8 un nostro obiettivo prioritario. E non viene dettato da parole al vento. Abbiamo conseguito bandiere blu e verdi nei cinque anni di amministrazione di Johnny Delfino. La prossima sar\u00e0 da me ritirata a Roma il prossimo 13 maggio. Non \u00e8 cosa da poco. Anzi. Enti e istituzioni autorevoli hanno certificato un percorso virtuoso sul fronte della qualit\u00e0 ambientale. Bisogna andare avanti cos\u00ec&#8221;. Lo ha detto in una nota il candidato a sindaco della lista &#8220;Amo Varazze&#8221;, Gianantonio Cerruti. <\/p>\n<p>&#8220;La nostra attenzione, ora, va puntata sulla raccolta dei rifiuti. In due anni pi\u00f9 della met\u00e0 dell&#8217;immondizia dovr\u00e0 seguire un percorso differenziato. Ecco perch\u00e9 punteremo sulla raccolta &#8216;porta a porta&#8217;, come avviene in molte altre realt\u00e0. Non ci sar\u00e0 pi\u00f9 bisogno di andare a buttare i sacchi nei cassonetti. I rifiuti saranno raccolti casa per casa. Tutto questo sar\u00e0 possibile grazie a un nuovo modello di gestione virtuosa&#8221;, ha concluso. <\/p>\n","protected":false},"excerpt":{"rendered":"<p>Varazze. &#8220;La tutela dell&#8217;ambiente \u00e8 un nostro obiettivo prioritario. E non viene dettato da parole al vento. Abbiamo conseguito bandiere blu e verdi nei cinque anni di amministrazione di Johnny Delfino. La prossima sar\u00e0 da me ritirata a Roma il prossimo 13 maggio. Non \u00e8 cosa da poco. Anzi. Enti e istituzioni autorevoli hanno certificato [&hellip;]<\/p>\n","protected":false},"author":13744,"featured_media":0,"comment_status":"open","ping_status":"closed","sticky":false,"template":"","format":"standard","meta":{"footnotes":""},"categories":[31],"tags":[53684,9403,51484,85868],"class_list":["post-263462","post","type-post","status-publish","format-standard","hentry","category-politica","tag-amo-varazze","tag-bandiera-blu","tag-gianantonio-cerruti","tag-varazze","post_cat_citta-varazze"],"amp_validity":null,"amp_enabled":true,"_links":{"self":[{"href":"https:\/\/staging.ivg.it\/ediapi\/wp\/v2\/posts\/263462","targetHints":{"allow":["GET"]}}],"collection":[{"href":"https:\/\/staging.ivg.it\/ediapi\/wp\/v2\/posts"}],"about":[{"href":"https:\/\/staging.ivg.it\/ediapi\/wp\/v2\/types\/post"}],"author":[{"embeddable":true,"href":"https:\/\/staging.ivg.it\/ediapi\/wp\/v2\/users\/13744"}],"replies":[{"embeddable":true,"href":"https:\/\/staging.ivg.it\/ediapi\/wp\/v2\/comments?post=263462"}],"version-history":[{"count":0,"href":"https:\/\/staging.ivg.it\/ediapi\/wp\/v2\/posts\/263462\/revisions"}],"wp:attachment":[{"href":"https:\/\/staging.ivg.it\/ediapi\/wp\/v2\/media?parent=263462"}],"wp:term":[{"taxonomy":"category","embeddable":true,"href":"https:\/\/staging.ivg.it\/ediapi\/wp\/v2\/categories?post=263462"},{"taxonomy":"post_tag","embeddable":true,"href":"https:\/\/staging.ivg.it\/ediapi\/wp\/v2\/tags?post=263462"}],"curies":[{"name":"wp","href":"https:\/\/api.w.org\/{rel}","templated":true}]}}