{"id":263238,"date":"2014-05-02T14:09:26","date_gmt":"2014-05-02T12:09:26","guid":{"rendered":"http:\/\/www.ivg.it\/?p=263238"},"modified":"2014-05-03T13:00:56","modified_gmt":"2014-05-03T11:00:56","slug":"savona-nuovo-attacco-del-comitato-villapiana-comune-muro-di-gomma-la-democrazia-partecipata-non-esiste","status":"publish","type":"post","link":"https:\/\/staging.ivg.it\/2014\/05\/savona-nuovo-attacco-del-comitato-villapiana-comune-muro-di-gomma-la-democrazia-partecipata-non-esiste\/","title":{"rendered":"Savona, nuovo attacco del Comitato Villapiana: &#8220;Comune muro di gomma, la democrazia partecipata non esiste&#8221;"},"content":{"rendered":"<p><strong>Savona.<\/strong> &#8220;Tra 6 o 7 anni capiter\u00e0 come alla Tirreno Power: tutto quello che \u00e8 capitato intorno alla centrale capiter\u00e0 in via Torino&#8221;. Punta il dito sull&#8217;inquinamento e i rischi per la salute Bruno Lepra, uno dei componenti del Comitato Villapiana che in questi giorni ha preparato un nuovo documento in cui chiede &#8220;un controllo della commissione legalit\u00e0 sull&#8217;operato del dirigente della polizia municipale e qualunque altro dirigente ad esso collegato a proposito della modifica della viabilit\u00e0&#8221;.<\/p>\n<p>Un cambiamento deciso nel 2007: e da allora \u00e8 sempre stata battaglia. &#8220;Io se posso vado a piedi, perch\u00e9 non ho pi\u00f9 voglia di andare in piazza Saffi &#8211; racconta Carlo Moretti &#8211; Quando devo andare tutti i giorni verso Vado, dove lavoro, a volte passo attraverso il parcheggio di via Piave per evitare, perch\u00e9 andando in piazza Saffi mi vengono i capelli dritti. Tutte le volte che passo in piazza Saffi rischio di farmi venire l\u2019eusarimento nervoso&#8221;.<\/p>\n<p>Dopo le modifiche il traffico nel quartiere, spiega Marino Masala, \u00e8 diventato insostenibile. &#8220;Un flusso notevole che crea problemi anche per le ambulanze, che devono districarsi all\u2019interno di un traffico decuplicato rispetto a prima &#8211; \u00e8 l&#8217;accusa &#8211; Sono aumentati i microtamponamenti e gli investimenti sulle strisce, perch\u00e9 tutto il traffico \u00e8 all\u2019interno del quartiere. Forse sono diminuiti in piazza Saffi, ma l\u00ec vige la legge del pi\u00f9 forte: chi si infila prima entra&#8221;.<\/p>\n<p>Sono passati sette anni da quella rivoluzione alla rotonda che ha portato al cambio dei sensi di marcia nelle arterie limitrofe. Ma anche dopo tanto temo il Comitato non intende mollare: &#8220;Ci fermano spesso molte persone, arrabbiate per la situazione insostenibile &#8211; dice Gianni Gentili &#8211; ci sono mamme con bambini che viaggiano all\u2019altezza dei tubi di scarico delle macchine, persone che faticano ad attraversare la strada perch\u00e9 le strisce pedonali sono in punti pericolosi\u2026 la situazione sta diventando ingestibile, non vorrei che alla fine ci passasse qualcosa di pi\u00f9 grave&#8221;.<\/p>\n<p>I tentativi, finora, sono andati tutti a vuoto. In realt\u00e0, nel 2008, per un attimo la vittoria era sembrata vicina: &#8220;Da buoni cittadini ci siamo trovati in commissione, portando argomentazioni validissime suffragate dall\u2019Arpal &#8211; ricorda Giovanni Manzone &#8211; e l\u2019allora assessore all\u2019urbanistica Di Tullio ci aveva dato ragione chiedendo la reintroduzione del vecchio sistema viario. Aveva dato anche dei tempi di scadenza, chiedendo al comandante Aloi che aveva garantito di tornare indietro entro una settimana&#8221;. Una decisione che per\u00f2 non \u00e8 mai stata attuata: &#8220;Siamo rimasti spiazzati al massimo&#8221;.<\/p>\n<p>Da allora \u00e8 stata una continua lotta. &#8220;Abbiamo fatto subito una raccolta firme, oltre 2000 &#8211; spiega Masala &#8211; poi un sondaggio di opinione in cui chiedevamo anche ai contrari di esprimersi: nonostante tutto ci\u00f2 non abbiamo mai ricevuto risposta&#8221;. &#8220;Queste carte ci sono costate tanto studio, e tante passeggiate per avere l\u2019accesso agli atti &#8211; aggiunge Giuseppe Procopio &#8211; La parte tecnica l\u2019abbiamo avuta rapidamente, mentre per quella della polizia municipale abbiamo dovuto tribolare, e qualche volta ci \u00e8 stata addirittura negata adducendo come motivo il segreto militare&#8221;.<\/p>\n<p>&#8220;La famosa democrazia partecipata non esiste&#8221;, \u00e8 l&#8217;accusa lanciata da Masala. E Gentili rincara la dose: &#8220;La dimostrazione \u00e8 il fallimento di &#8216;Venti di Partecipazione&#8217;, che alla fine si \u00e8 risolto in molte istanze rilasciate dai cittadini alle quali \u00e8 stato risposto con il solito muro di gomma, come con noi: ed infatti tutti i referenti si sono dimessi e il progetto \u00e8 fallito&#8221;. Nonostante ci\u00f2 non molleremo, assicurano: &#8220;Ora la richiesta del controllo sull&#8217;operato dei dirigenti, ed entro breve abbiamo gi\u00e0 pronti nuovi ricorsi. Riusciremo a rompere il muro di gomma dell&#8217;amministrazione&#8221;.<\/p>\n","protected":false},"excerpt":{"rendered":"<p>Savona. &#8220;Tra 6 o 7 anni capiter\u00e0 come alla Tirreno Power: tutto quello che \u00e8 capitato intorno alla centrale capiter\u00e0 in via Torino&#8221;. Punta il dito sull&#8217;inquinamento e i rischi per la salute Bruno Lepra, uno dei componenti del Comitato Villapiana che in questi giorni ha preparato un nuovo documento in cui chiede &#8220;un controllo [&hellip;]<\/p>\n","protected":false},"author":10593,"featured_media":0,"comment_status":"open","ping_status":"closed","sticky":false,"template":"","format":"standard","meta":{"footnotes":""},"categories":[31],"tags":[52703,85850],"class_list":["post-263238","post","type-post","status-publish","format-standard","hentry","category-politica","tag-comitato-villapiana","tag-savona","post_cat_citta-savona"],"amp_validity":null,"amp_enabled":true,"_links":{"self":[{"href":"https:\/\/staging.ivg.it\/ediapi\/wp\/v2\/posts\/263238","targetHints":{"allow":["GET"]}}],"collection":[{"href":"https:\/\/staging.ivg.it\/ediapi\/wp\/v2\/posts"}],"about":[{"href":"https:\/\/staging.ivg.it\/ediapi\/wp\/v2\/types\/post"}],"author":[{"embeddable":true,"href":"https:\/\/staging.ivg.it\/ediapi\/wp\/v2\/users\/10593"}],"replies":[{"embeddable":true,"href":"https:\/\/staging.ivg.it\/ediapi\/wp\/v2\/comments?post=263238"}],"version-history":[{"count":0,"href":"https:\/\/staging.ivg.it\/ediapi\/wp\/v2\/posts\/263238\/revisions"}],"wp:attachment":[{"href":"https:\/\/staging.ivg.it\/ediapi\/wp\/v2\/media?parent=263238"}],"wp:term":[{"taxonomy":"category","embeddable":true,"href":"https:\/\/staging.ivg.it\/ediapi\/wp\/v2\/categories?post=263238"},{"taxonomy":"post_tag","embeddable":true,"href":"https:\/\/staging.ivg.it\/ediapi\/wp\/v2\/tags?post=263238"}],"curies":[{"name":"wp","href":"https:\/\/api.w.org\/{rel}","templated":true}]}}