{"id":262836,"date":"2014-04-25T13:42:41","date_gmt":"2014-04-25T11:42:41","guid":{"rendered":"http:\/\/www.ivg.it\/?p=262836"},"modified":"2014-04-26T11:57:24","modified_gmt":"2014-04-26T09:57:24","slug":"calcio-domenica-feralpisalo-savona-mattu-vogliamo-assicurarci-playoff","status":"publish","type":"post","link":"https:\/\/staging.ivg.it\/2014\/04\/calcio-domenica-feralpisalo-savona-mattu-vogliamo-assicurarci-playoff\/","title":{"rendered":"Calcio, domenica FeralpiSal\u00f2-Savona. Mattu: &#8220;Vogliamo assicurarci i playoff&#8221;"},"content":{"rendered":"<p><strong>Savona<\/strong>. Doppiette di Virdis e Cesarini, singole di Altobello e Cattaneo. Sei reti e buone indicazioni nella consueta partitella in famiglia del gioved\u00ec, disputata ieri mattina sul terreno del Bacigalupo, che presentava davvero un bel colpo d&#8217;occhio sotto un sole primaverile.<\/p>\n<p>Pani ha giocato tutta l&#8217;amichevole, mentre \u00e8 rimasto a bordo campo Agazzi, vittima di un risentimento muscolare che mette in dubbio la sua presenza col FeralpiSal\u00f2. Solo corsa leggera per Carta: il suo rientro in gruppo \u00e8 previsto per la prossima settimana.<\/p>\n<p>Sul finire dell&#8217;impegno si \u00e8 anche \u00e8 potuto apprezzare Aresti (squalificato domenica, al pari del Demartis) nelle insolite vesti di centravanti. Si sa, per\u00f2, che il portiere savonese ha da tempo un certo feeling con il gol&#8230;<\/p>\n<p>&#8220;Ci aspetta un match molto difficile &#8211; ha detto nel dopopartita mister Giovanni Mattu -. Il FeralpiSal\u00f2 ha alcuni fra i miglior giovani del campionato, vedi Miracoli, Marsura e Fabris, che all&#8217;andata gioc\u00f2 una gran partita, affiancati da elementi esperti e di categoiria superiore quali Pinardi e Bracaletti&#8221;.<\/p>\n<p>&#8220;Ad inizio stagione avevamo pronosticato per i lombardi un posto fra le prime cinque del torneo, vista la qualit\u00e0 complessiva della rosa. Domenica si giocheranno tutto e ci aspetta una bella battaglia. Ma a noi &#8211; conclude &#8211; manca un punto per entrare nei playoff e vogliamo chiudere il discorso senza dover attendere l&#8217;ultima giornata&#8221;.<\/p>\n<p>Nel frattempo, la Commissione disciplinare ha tolto un punto al Como e ne ha restituito uno all&#8217;AlbinoLeffe.<\/p>\n","protected":false},"excerpt":{"rendered":"<p>Savona. Doppiette di Virdis e Cesarini, singole di Altobello e Cattaneo. Sei reti e buone indicazioni nella consueta partitella in famiglia del gioved\u00ec, disputata ieri mattina sul terreno del Bacigalupo, che presentava davvero un bel colpo d&#8217;occhio sotto un sole primaverile. Pani ha giocato tutta l&#8217;amichevole, mentre \u00e8 rimasto a bordo campo Agazzi, vittima di [&hellip;]<\/p>\n","protected":false},"author":13744,"featured_media":0,"comment_status":"open","ping_status":"closed","sticky":false,"template":"","format":"standard","meta":{"footnotes":""},"categories":[1578,32],"tags":[85989,25601,48997,24481,9655],"class_list":["post-262836","post","type-post","status-publish","format-standard","hentry","category-savona-calcio","category-sport","tag-calcio","tag-feralpisalo","tag-giovanni-mattu","tag-lega-pro","tag-savona-fbc","post_cat_citta-savona"],"amp_validity":null,"amp_enabled":true,"_links":{"self":[{"href":"https:\/\/staging.ivg.it\/ediapi\/wp\/v2\/posts\/262836","targetHints":{"allow":["GET"]}}],"collection":[{"href":"https:\/\/staging.ivg.it\/ediapi\/wp\/v2\/posts"}],"about":[{"href":"https:\/\/staging.ivg.it\/ediapi\/wp\/v2\/types\/post"}],"author":[{"embeddable":true,"href":"https:\/\/staging.ivg.it\/ediapi\/wp\/v2\/users\/13744"}],"replies":[{"embeddable":true,"href":"https:\/\/staging.ivg.it\/ediapi\/wp\/v2\/comments?post=262836"}],"version-history":[{"count":0,"href":"https:\/\/staging.ivg.it\/ediapi\/wp\/v2\/posts\/262836\/revisions"}],"wp:attachment":[{"href":"https:\/\/staging.ivg.it\/ediapi\/wp\/v2\/media?parent=262836"}],"wp:term":[{"taxonomy":"category","embeddable":true,"href":"https:\/\/staging.ivg.it\/ediapi\/wp\/v2\/categories?post=262836"},{"taxonomy":"post_tag","embeddable":true,"href":"https:\/\/staging.ivg.it\/ediapi\/wp\/v2\/tags?post=262836"}],"curies":[{"name":"wp","href":"https:\/\/api.w.org\/{rel}","templated":true}]}}