{"id":262829,"date":"2014-04-24T19:22:04","date_gmt":"2014-04-24T17:22:04","guid":{"rendered":"http:\/\/www.ivg.it\/?p=262829"},"modified":"2014-04-26T10:06:41","modified_gmt":"2014-04-26T08:06:41","slug":"elezioni-albenga-nucera-presenta-la-squadra-capacita-e-concretezza","status":"publish","type":"post","link":"https:\/\/staging.ivg.it\/2014\/04\/elezioni-albenga-nucera-presenta-la-squadra-capacita-e-concretezza\/","title":{"rendered":"Elezioni Albenga, Nucera presenta la squadra: &#8220;Capacit\u00e0 e concretezza&#8221;"},"content":{"rendered":"<p><strong>Albenga.<\/strong> \u201cUna squadra forte ed affiatata pronta per amministrare la citt\u00e0. Albenganesi di ogni categoria economica e sociale. Il nostro progetto si basa sulla concretezza, senza nessun volo pindarico, ma cose chiare e fattibili\u201d. Cos\u00ec il candidato sindaco alle prossime elezioni comunali di Albenga poco prima della presentazione ufficiale della lista questa sera all&#8217;Auditorium San Carlo. <\/p>\n<p>\u201cNei primi 100 giorni presenteremo un piano di decoro pubblico per la citt\u00e0: dopo una fase di screening inizieremo gli interventi necessari, area per area. Naturalmente la situazione economica ad Albenga sta cambiando e bisogner\u00e0 trovare soluzioni diverse per garantire nuovo sviluppo\u201d dice Nucera.<\/p>\n<p>\u201cSono certo di andare al ballottaggio perch\u00e9 gli albenganesi mi conoscono, sanno chi sono e possono contare sulle mie capacit\u00e0 e competenze per il governo cittadino. Con chi non so, non chieder\u00e0 comunque aiuti a nessuno\u201d.<\/p>\n<p>\u201cNaturalmente ho gi\u00e0 in mente anche la giunta comunale, valutando anche l\u2019esito delle preferenze e del voto complessivo: cercher\u00f2 di mettere assieme tutte le risorse della cittadina, sono molto fiducioso\u201d conclude Nucera.<\/p>\n","protected":false},"excerpt":{"rendered":"<p>Albenga. \u201cUna squadra forte ed affiatata pronta per amministrare la citt\u00e0. Albenganesi di ogni categoria economica e sociale. Il nostro progetto si basa sulla concretezza, senza nessun volo pindarico, ma cose chiare e fattibili\u201d. Cos\u00ec il candidato sindaco alle prossime elezioni comunali di Albenga poco prima della presentazione ufficiale della lista questa sera all&#8217;Auditorium San [&hellip;]<\/p>\n","protected":false},"author":13744,"featured_media":0,"comment_status":"open","ping_status":"closed","sticky":false,"template":"","format":"standard","meta":{"footnotes":""},"categories":[31],"tags":[85841,50768,23973],"class_list":["post-262829","post","type-post","status-publish","format-standard","hentry","category-politica","tag-albenga","tag-elezioni-albenga","tag-massimiliano-nucera","post_cat_citta-albenga","post_cat_citta-andora"],"amp_validity":null,"amp_enabled":true,"_links":{"self":[{"href":"https:\/\/staging.ivg.it\/ediapi\/wp\/v2\/posts\/262829","targetHints":{"allow":["GET"]}}],"collection":[{"href":"https:\/\/staging.ivg.it\/ediapi\/wp\/v2\/posts"}],"about":[{"href":"https:\/\/staging.ivg.it\/ediapi\/wp\/v2\/types\/post"}],"author":[{"embeddable":true,"href":"https:\/\/staging.ivg.it\/ediapi\/wp\/v2\/users\/13744"}],"replies":[{"embeddable":true,"href":"https:\/\/staging.ivg.it\/ediapi\/wp\/v2\/comments?post=262829"}],"version-history":[{"count":0,"href":"https:\/\/staging.ivg.it\/ediapi\/wp\/v2\/posts\/262829\/revisions"}],"wp:attachment":[{"href":"https:\/\/staging.ivg.it\/ediapi\/wp\/v2\/media?parent=262829"}],"wp:term":[{"taxonomy":"category","embeddable":true,"href":"https:\/\/staging.ivg.it\/ediapi\/wp\/v2\/categories?post=262829"},{"taxonomy":"post_tag","embeddable":true,"href":"https:\/\/staging.ivg.it\/ediapi\/wp\/v2\/tags?post=262829"}],"curies":[{"name":"wp","href":"https:\/\/api.w.org\/{rel}","templated":true}]}}