{"id":262801,"date":"2014-04-24T13:37:28","date_gmt":"2014-04-24T11:37:28","guid":{"rendered":"http:\/\/www.ivg.it\/?p=262801"},"modified":"2014-04-26T09:11:50","modified_gmt":"2014-04-26T07:11:50","slug":"vada-sabatia-restano-13-pazienti-su-18-visite-delle-commissioni-la-rambaudi-strumenti-di-controllo","status":"publish","type":"post","link":"https:\/\/staging.ivg.it\/2014\/04\/vada-sabatia-restano-13-pazienti-su-18-visite-delle-commissioni-la-rambaudi-strumenti-di-controllo\/","title":{"rendered":"Vada Sabatia, restano 13 pazienti su 18: visite delle commissioni. La Rambaudi: &#8220;Strumenti di controllo&#8221;"},"content":{"rendered":"<p><strong>Vado L.<\/strong> Vada Sabatia ed i maltrattamenti e le violenze subite dai disabili del nucleo 3D sono stati al centro di tre visite &#8220;straordinarie&#8221; ed &#8220;ispettive&#8221; da parte della commissione ad hoc creata dall\u2019Asl 2 savonese, dalla commissione per l\u2019accreditamento e dalla commissione attivata dal Comune vadese. Tre i verbali redatti dagli organismi che stanno vagliando la gestione della struttura e del reparto, oltre che l\u2019assistenza sanitaria fornita ai pazienti ricoverati.<\/p>\n<p>Intanto sono stati completati gli incontri tra il direttore generale Asl 2 Flavio Neirotti e le famiglie dei 18 pazienti ricoverati nel nucleo 3D: sei savonesi quattro resteranno ricoverati a Vada Sabatia, due saranno invece trasferiti a Villa Laurina. Altri 11 provenienti da fuori provincia rimarranno, mentre per altri 3 dell\u2019imperiese e del genovese \u00e8 stato predisposto il trasferimento in strutture delle rispettive province di residenza.<\/p>\n<p>Intanto sul caso di Vada Sabatia \u00e8 nuovamente intervenuta l\u2019assessore regionale Lorena Rambaudi: \u201cNoi stiamo procedendo con le verifiche del caso e faremo analisi attente. Abbiamo concesso le possibilit\u00e0 di trasferimento ma ora la priorit\u00e0 \u00e8 vedere la gestione che ci sar\u00e0 a Vado. Sono fatti senza parole, sbalorditivi, con dettagli davvero raccapriccianti. Evidentemente le commissioni di controllo non bastano e non sono bastate. Naturalmente chi \u00e8 dentro a certe strutture deve sorvegliare e bisogna creare strumenti idonei per farlo, evitando che il personale socio sanitario diventi \u2018branco\u2019\u2026Il sistema deve supportare di pi\u00f9 gli operatori lavorando su prevenzione e controllo\u201d.<\/p>\n","protected":false},"excerpt":{"rendered":"<p>Vado L. Vada Sabatia ed i maltrattamenti e le violenze subite dai disabili del nucleo 3D sono stati al centro di tre visite &#8220;straordinarie&#8221; ed &#8220;ispettive&#8221; da parte della commissione ad hoc creata dall\u2019Asl 2 savonese, dalla commissione per l\u2019accreditamento e dalla commissione attivata dal Comune vadese. Tre i verbali redatti dagli organismi che stanno [&hellip;]<\/p>\n","protected":false},"author":4,"featured_media":0,"comment_status":"open","ping_status":"closed","sticky":false,"template":"","format":"standard","meta":{"footnotes":""},"categories":[34],"tags":[292,1282,2944,53354,295,3939,261],"class_list":["post-262801","post","type-post","status-publish","format-standard","hentry","category-cronaca","tag-asl-2","tag-flavio-neirotti","tag-lorena-rambaudi","tag-maltrattamenti-vada-sabatia","tag-regione","tag-vada-sabatia","tag-vado","post_cat_citta-andora","post_cat_citta-vado-ligure"],"amp_validity":null,"amp_enabled":true,"_links":{"self":[{"href":"https:\/\/staging.ivg.it\/ediapi\/wp\/v2\/posts\/262801","targetHints":{"allow":["GET"]}}],"collection":[{"href":"https:\/\/staging.ivg.it\/ediapi\/wp\/v2\/posts"}],"about":[{"href":"https:\/\/staging.ivg.it\/ediapi\/wp\/v2\/types\/post"}],"author":[{"embeddable":true,"href":"https:\/\/staging.ivg.it\/ediapi\/wp\/v2\/users\/4"}],"replies":[{"embeddable":true,"href":"https:\/\/staging.ivg.it\/ediapi\/wp\/v2\/comments?post=262801"}],"version-history":[{"count":0,"href":"https:\/\/staging.ivg.it\/ediapi\/wp\/v2\/posts\/262801\/revisions"}],"wp:attachment":[{"href":"https:\/\/staging.ivg.it\/ediapi\/wp\/v2\/media?parent=262801"}],"wp:term":[{"taxonomy":"category","embeddable":true,"href":"https:\/\/staging.ivg.it\/ediapi\/wp\/v2\/categories?post=262801"},{"taxonomy":"post_tag","embeddable":true,"href":"https:\/\/staging.ivg.it\/ediapi\/wp\/v2\/tags?post=262801"}],"curies":[{"name":"wp","href":"https:\/\/api.w.org\/{rel}","templated":true}]}}