{"id":262794,"date":"2014-04-24T13:10:55","date_gmt":"2014-04-24T11:10:55","guid":{"rendered":"http:\/\/www.ivg.it\/?p=262794"},"modified":"2014-04-24T13:31:58","modified_gmt":"2014-04-24T11:31:58","slug":"emergenza-immigrazione-lega-nord-allattacco-con-ripamonti-risultato-di-politiche-buoniste","status":"publish","type":"post","link":"https:\/\/staging.ivg.it\/2014\/04\/emergenza-immigrazione-lega-nord-allattacco-con-ripamonti-risultato-di-politiche-buoniste\/","title":{"rendered":"Emergenza immigrazione, Lega Nord all&#8217;attacco con Ripamonti: &#8220;Risultato di politiche buoniste&#8221;"},"content":{"rendered":"<p><strong>Savona<\/strong>. &#8220;Una nuova emergenza immigrazione. Ancora una volta, la gente e le istituzioni del territorio possono dire grazie alle forze che a Roma hanno lavorato contro la legge Bossi-Fini e a tutti i partiti che hanno votato per abolire il reato di immigrazione clandestina&#8221;. Cos\u00ec commenta Paolo Ripamonti, Segretario Provinciale della Lega Nord a Savona, in merito all&#8217;arrivo previsto di nuovi cinquanta profughi nel territorio della provincia di Savona.<\/p>\n<p>&#8220;Il governo Renzi-Alfano, a dispetto di una politica di annunci, di molte parole e pochi fatti, si sta dimostrando assolutamente incapace nel gestire l&#8217;emergenza, con sbarchi ormai senza tregua, strutture al collasso, e una operazione come Mare Nostrum che costa 300 mila euro al giorno ai cittadini italiani. Tutto questo \u00e8 il risultato delle politiche buoniste, che favoriscono clandestini e scafisti, e penalizzano i cittadini italiani. In un momento di crisi come quello che stiamo attraversando, il nostro territorio non pu\u00f2 pi\u00f9 permettersi di affrontare un&#8217;ulteriore invasione, e sui nostri comuni non pu\u00f2 essere scaricato il peso delle gravi mancanze dell&#8217;esecutivo nazionale. Renzi voleva cambiare verso, ma non riesce neppure a fare cambiare verso ai barconi&#8221;. <\/p>\n<p>&#8220;\u00c8 necessario ricordare come il miglior ministro degli interni del dopoguerra Roberto Maroni avesse posto fine a questo continuo via vai al contrario invece di chi a dispetto della storia che rappresenta, non solo ha depenalizzato il reato , ma \u00e8 incapace di fermarne l&#8217;arrivo indiscriminato, i miei complimenti a questo Nuovo Centro Destra Sinistra&#8221;, conclude il Segretario Provinciale della Lega Nord Paolo Ripamonti.<\/p>\n","protected":false},"excerpt":{"rendered":"<p>Savona. &#8220;Una nuova emergenza immigrazione. Ancora una volta, la gente e le istituzioni del territorio possono dire grazie alle forze che a Roma hanno lavorato contro la legge Bossi-Fini e a tutti i partiti che hanno votato per abolire il reato di immigrazione clandestina&#8221;. Cos\u00ec commenta Paolo Ripamonti, Segretario Provinciale della Lega Nord a Savona, [&hellip;]<\/p>\n","protected":false},"author":13744,"featured_media":0,"comment_status":"open","ping_status":"closed","sticky":false,"template":"","format":"standard","meta":{"footnotes":""},"categories":[31],"tags":[1550,630,10714,85850],"class_list":["post-262794","post","type-post","status-publish","format-standard","hentry","category-politica","tag-immigrazione","tag-lega-nord","tag-paolo-ripamonti","tag-savona","post_cat_citta-andora","post_cat_citta-savona"],"amp_validity":null,"amp_enabled":true,"_links":{"self":[{"href":"https:\/\/staging.ivg.it\/ediapi\/wp\/v2\/posts\/262794","targetHints":{"allow":["GET"]}}],"collection":[{"href":"https:\/\/staging.ivg.it\/ediapi\/wp\/v2\/posts"}],"about":[{"href":"https:\/\/staging.ivg.it\/ediapi\/wp\/v2\/types\/post"}],"author":[{"embeddable":true,"href":"https:\/\/staging.ivg.it\/ediapi\/wp\/v2\/users\/13744"}],"replies":[{"embeddable":true,"href":"https:\/\/staging.ivg.it\/ediapi\/wp\/v2\/comments?post=262794"}],"version-history":[{"count":0,"href":"https:\/\/staging.ivg.it\/ediapi\/wp\/v2\/posts\/262794\/revisions"}],"wp:attachment":[{"href":"https:\/\/staging.ivg.it\/ediapi\/wp\/v2\/media?parent=262794"}],"wp:term":[{"taxonomy":"category","embeddable":true,"href":"https:\/\/staging.ivg.it\/ediapi\/wp\/v2\/categories?post=262794"},{"taxonomy":"post_tag","embeddable":true,"href":"https:\/\/staging.ivg.it\/ediapi\/wp\/v2\/tags?post=262794"}],"curies":[{"name":"wp","href":"https:\/\/api.w.org\/{rel}","templated":true}]}}