{"id":262647,"date":"2014-04-22T16:17:37","date_gmt":"2014-04-22T14:17:37","guid":{"rendered":"http:\/\/www.ivg.it\/?p=262647"},"modified":"2014-04-22T16:20:08","modified_gmt":"2014-04-22T14:20:08","slug":"albissola-concreta-partita-la-raccolta-firme","status":"publish","type":"post","link":"https:\/\/staging.ivg.it\/2014\/04\/albissola-concreta-partita-la-raccolta-firme\/","title":{"rendered":"&#8220;Albissola Concreta&#8221;: partita la raccolta firme"},"content":{"rendered":"<p><strong>Albissola<\/strong>. Con anticipo rispetto ai tempi previsti dalle norme di legge, la lista civica &#8220;Albissola Concreta&#8221;, che fa riferimento al candidato a sindaco Gianluca Nasuti, ha gi\u00e0 raccolto oltre un centinaio di firme in questo fine settimana pasquale nei due punti raccolta allestiti presso l&#8217;info point di via Colombo e Pozzo Garitta.<\/p>\n<p>&#8220;La raccolta proseguir\u00e0 ancora nei prossimi giorni &#8211; fanno sapere da &#8220;Albissola Concreta&#8221; &#8211; perch\u00e9 sappiamo che ancora tante persone vogliono dare una tangibile testimonianza di partecipazione e sostegno alla nostra lista, anche se probabilmente molte di queste firme non potremo utilizzarle visto il molto probabile superamento del limite massimo delle 120 firme richieste dalla normativa vigente&#8221;. <\/p>\n<p>&#8220;Riteniamo che questo sia un segnale di grande incoraggiamento per la nostra lista civica. Ne siamo grati a tutti i cittadini elettori che hanno voluto appoggiarci in questa fase. Ora la campagna elettorale entra nel vivo. Quanti pi\u00f9 voti raccoglier\u00e0 il simbolo di &#8216;Albissola Concreta&#8217; e i candidati presenti nella lista, quanto maggiore sar\u00e0 la possibilit\u00e0 di portare in Consiglio comunale le nostre idee, il nostro programma nato con il contributo dei quartieri, dell&#8217;associazionismo e delle categorie economiche, in sintonia con il reale sentire di tanta parte dell&#8217;elettorato albissolese che ci chiede prima di tutto concretezza e competenza al servizio del rinnovamento&#8221;, conclude &#8220;Albissola Concreta&#8221;. <\/p>\n","protected":false},"excerpt":{"rendered":"<p>Albissola. Con anticipo rispetto ai tempi previsti dalle norme di legge, la lista civica &#8220;Albissola Concreta&#8221;, che fa riferimento al candidato a sindaco Gianluca Nasuti, ha gi\u00e0 raccolto oltre un centinaio di firme in questo fine settimana pasquale nei due punti raccolta allestiti presso l&#8217;info point di via Colombo e Pozzo Garitta. &#8220;La raccolta proseguir\u00e0 [&hellip;]<\/p>\n","protected":false},"author":13744,"featured_media":0,"comment_status":"open","ping_status":"closed","sticky":false,"template":"","format":"standard","meta":{"footnotes":""},"categories":[31],"tags":[699,53170,26723,6523],"class_list":["post-262647","post","type-post","status-publish","format-standard","hentry","category-politica","tag-albissola","tag-albissola-concreta","tag-gianluca-nasuti","tag-raccolta-firme","post_cat_citta-albissola-marina"],"amp_validity":null,"amp_enabled":true,"_links":{"self":[{"href":"https:\/\/staging.ivg.it\/ediapi\/wp\/v2\/posts\/262647","targetHints":{"allow":["GET"]}}],"collection":[{"href":"https:\/\/staging.ivg.it\/ediapi\/wp\/v2\/posts"}],"about":[{"href":"https:\/\/staging.ivg.it\/ediapi\/wp\/v2\/types\/post"}],"author":[{"embeddable":true,"href":"https:\/\/staging.ivg.it\/ediapi\/wp\/v2\/users\/13744"}],"replies":[{"embeddable":true,"href":"https:\/\/staging.ivg.it\/ediapi\/wp\/v2\/comments?post=262647"}],"version-history":[{"count":0,"href":"https:\/\/staging.ivg.it\/ediapi\/wp\/v2\/posts\/262647\/revisions"}],"wp:attachment":[{"href":"https:\/\/staging.ivg.it\/ediapi\/wp\/v2\/media?parent=262647"}],"wp:term":[{"taxonomy":"category","embeddable":true,"href":"https:\/\/staging.ivg.it\/ediapi\/wp\/v2\/categories?post=262647"},{"taxonomy":"post_tag","embeddable":true,"href":"https:\/\/staging.ivg.it\/ediapi\/wp\/v2\/tags?post=262647"}],"curies":[{"name":"wp","href":"https:\/\/api.w.org\/{rel}","templated":true}]}}