{"id":262531,"date":"2014-04-18T19:50:12","date_gmt":"2014-04-18T17:50:12","guid":{"rendered":"http:\/\/www.ivg.it\/?p=262531"},"modified":"2014-04-18T19:50:12","modified_gmt":"2014-04-18T17:50:12","slug":"basket-rosa-successo-per-il-raduno-giovanile-tenutosi-cairo","status":"publish","type":"post","link":"https:\/\/staging.ivg.it\/2014\/04\/basket-rosa-successo-per-il-raduno-giovanile-tenutosi-cairo\/","title":{"rendered":"&#8220;Basket In Rosa&#8221;: successo per il raduno giovanile tenutosi a Cairo"},"content":{"rendered":"<p><strong>Cairo Montenotte<\/strong>. Domenica 13 aprile, al palazzetto di Cairo Montenotte, \u00e8 andato in scena il primo raduno &#8220;Basket In Rosa&#8221;, organizzato interamente dal Basket Cairo, rivolto a tutte le atlete e non, dai 6 ai 12 anni di et\u00e0.<\/p>\n<p>Ottima la risposta ricevuta da tutto lo staff: tante bimbe hanno partecipato all&#8217;evento; a cominciare dalle ore 14 le pi\u00f9 piccine (nate tra il 2005 e il 2008), aiutate da ben cinque istruttori, hanno svolto esercizi propedeutici al fine di conoscere le proprie capacit\u00e0, permettendo cos\u00ec che le &#8220;miniatlete&#8221; potessero giocare e divertirsi incamminandosi verso il basket.<\/p>\n<p>Dalle ore 16, le pi\u00f9 grandi (nate tra il 2002 e il 2004), oltre ad esercizi per conoscere gli elementi che useranno durante la stagione, quali palla, canestro, campo e compagne, hanno potuto cimentarsi anche in combattutissime mini partitelle quattro contro quattro.<\/p>\n<p>A tutte le partecipanti \u00e8 stato consegnato un piccolo ricordo dell&#8217;evento ed offerta una &#8220;mega merenda&#8221; all&#8217;insegna di pane e Nutella, che le atlete hanno apprezzato.<\/p>\n<p>A conclusione della giornata, l&#8217;Under 14 femminile del Cairo \u00e8 scesa sul parquet affrontando la squadra di Vado Ligure, in amichevole. Le giovani giallobl\u00f9 hanno disputato un&#8217;ottima gara, vincendo di una decina di punti, in un incontro che ha divertito tutti i partecipanti al raduno, giocatrici, genitori, allenatori ed istruttori, con la dimostrazione di vero basket giocato.<\/p>\n<p>&#8220;Siamo molto soddisfatti della riuscita della giornata &#8211; dichiara lo staff del Basket Cairo -. Ringraziamp tutti gli istruttori ed allenatori presenti e in particolar modo Francesco Trotta, responsabile del settore minibasket, mente organizzativa e motore dell&#8217;evento. Sicuramente il Basket Cairo replicher\u00e0 questo appuntamento con il &#8216;Basket In Rosa&#8217;&#8221;.<\/p>\n<p>Guardando al futuro, anche quest&#8217;anno il Basket Cairo parteciper\u00e0, per il quarto anno consecutivo, all'&#8221;Adriatica Cup&#8221; che si svolger\u00e0 a Pesaro dal 25 al 27 aprile, portando addirittura quattro squadre: Under 14 maschile, Under 14 femminile, Esordienti, Aquilotti senior.<\/p>\n<p>I giovani atleti delle quattro squadre saranno seguiti dagli allenatori e dallo staff e da alcuni genitori, fino a raggiungere la quota di 90 unit\u00e0. Sar\u00e0 quindi per il Basket Cairo un grosso sforzo organizzativo che verr\u00e0 affrontato con la consapevolezza di un&#8217;occasione per misurarsi con altre squadre provenienti da tutta Italia e per consolidare il gruppo.<\/p>\n","protected":false},"excerpt":{"rendered":"<p>Cairo Montenotte. Domenica 13 aprile, al palazzetto di Cairo Montenotte, \u00e8 andato in scena il primo raduno &#8220;Basket In Rosa&#8221;, organizzato interamente dal Basket Cairo, rivolto a tutte le atlete e non, dai 6 ai 12 anni di et\u00e0. Ottima la risposta ricevuta da tutto lo staff: tante bimbe hanno partecipato all&#8217;evento; a cominciare dalle [&hellip;]<\/p>\n","protected":false},"author":13744,"featured_media":0,"comment_status":"open","ping_status":"closed","sticky":false,"template":"","format":"standard","meta":{"footnotes":""},"categories":[47715,32],"tags":[905,3254,85987],"class_list":["post-262531","post","type-post","status-publish","format-standard","hentry","category-basket-sport","category-sport","tag-basket","tag-basket-cairo","tag-cairo-montenotte","post_cat_citta-cairo-montenotte"],"amp_validity":null,"amp_enabled":true,"_links":{"self":[{"href":"https:\/\/staging.ivg.it\/ediapi\/wp\/v2\/posts\/262531","targetHints":{"allow":["GET"]}}],"collection":[{"href":"https:\/\/staging.ivg.it\/ediapi\/wp\/v2\/posts"}],"about":[{"href":"https:\/\/staging.ivg.it\/ediapi\/wp\/v2\/types\/post"}],"author":[{"embeddable":true,"href":"https:\/\/staging.ivg.it\/ediapi\/wp\/v2\/users\/13744"}],"replies":[{"embeddable":true,"href":"https:\/\/staging.ivg.it\/ediapi\/wp\/v2\/comments?post=262531"}],"version-history":[{"count":0,"href":"https:\/\/staging.ivg.it\/ediapi\/wp\/v2\/posts\/262531\/revisions"}],"wp:attachment":[{"href":"https:\/\/staging.ivg.it\/ediapi\/wp\/v2\/media?parent=262531"}],"wp:term":[{"taxonomy":"category","embeddable":true,"href":"https:\/\/staging.ivg.it\/ediapi\/wp\/v2\/categories?post=262531"},{"taxonomy":"post_tag","embeddable":true,"href":"https:\/\/staging.ivg.it\/ediapi\/wp\/v2\/tags?post=262531"}],"curies":[{"name":"wp","href":"https:\/\/api.w.org\/{rel}","templated":true}]}}