{"id":262415,"date":"2014-04-17T16:47:21","date_gmt":"2014-04-17T14:47:21","guid":{"rendered":"http:\/\/www.ivg.it\/?p=262415"},"modified":"2014-04-18T09:23:41","modified_gmt":"2014-04-18T07:23:41","slug":"il-pm-non-puo-essere-strumentalizzato-la-reazione-della-procura-allstanza-per-riavviare-la-centrale-lultima-parola-al-gip","status":"publish","type":"post","link":"https:\/\/staging.ivg.it\/2014\/04\/il-pm-non-puo-essere-strumentalizzato-la-reazione-della-procura-allstanza-per-riavviare-la-centrale-lultima-parola-al-gip\/","title":{"rendered":"&#8220;Il pm non pu\u00f2 essere strumentalizzato&#8221;: la reazione della Procura all&#8217;istanza per riavviare la centrale, l&#8217;ultima parola al gip"},"content":{"rendered":"<p><strong>Vado L.<\/strong> &#8220;Il pubblico ministero non pu\u00f2 essere strumentalizzato. Quindi non si possono orientare le decisioni del magistrato sulle istanze che vengono presentate con degli argomenti che non sono strettamente inerenti al procedimento&#8221;. Il parere della Procura sulla richiesta di poter riavviare temporaneamente i gruppi della centrale vadese, sotto sequestro dall&#8217;11 marzo scorso, non \u00e8 ancora noto, ma queste parole, pronunciate questa mattina dal procuratore Francantonio Granero, sembrano essere piuttosto lapidarie.<\/p>\n<p>Il procuratore, come raramente accade, si \u00e8 lasciato andare ad un commento in merito all&#8217;istanza presentata dai legali di Pasquale D&#8217;Elia, il capocentrale ed ora anche custode giudiziale dei due gruppi a carbone sotto sequestro. Una richiesta sulla quale i magistrati savonesi daranno un parere e che poi sar\u00e0 valutata anche dal gip Fiorenza Giorgi. Per quanto riguarda il punto di vista dei primi, anche alla luce delle pensiero del capo dell&#8217;ufficio, appare difficile che l&#8217;istanza possa essere accolta. <\/p>\n<p>Dalla Procura \u00e8 stato gi\u00e0 ribadito ai legali dell&#8217;azienda che il carbonile non \u00e8 sotto sequestro e, di conseguenza, il carbone pu\u00f2 essere movimentato: un messaggio che sembrerebbe voler interpretare l&#8217;istanza di Tirreno Power come un pretesto per poter riavviare i gruppi. L&#8217;azienda, da parte sua, attraverso la relazione tecnica di un perito di parte, l&#8217;ingegner Gian Giorgio Parodi ha spiegato che l&#8217;unico modo per smaltire il carbone a rischio ossidazione \u00e8 la combustione presso i Gruppi VL3 e VL4.<\/p>\n<p>Un&#8217;operazione che, come hanno precisato i legali nella richiesta di dissequestro, avverrebbe nel rispetto dei &#8220;limiti emissivi pi\u00f9 restrittivi (rispetto all\u2019AIA) e ritenuti meno impattanti sulle matrici ambientali e sanitarie, proposti dal C.T. Scarselli nella Relazione Tecnica di Consulenza&#8221;. Per quanto riguarda il controllo sulle emissioni dalle ciminiere, l&#8217;azienda si impegnerebbe ad utilizzare &#8220;le misurazioni degli SME installati sui relativi condotti di adduzione al camino E2, da monitorare e calibrare anche ad opera di uno o pi\u00f9 tecnici nominati dal giudice&#8221;.<\/p>\n<p>Per capire se da palazzo di Giustizia arriver\u00e0 l&#8217;ok alla riaccensione dei gruppi della centrale bisogner\u00e0 quindi attendere il parere della Procura. Un responso che arriver\u00e0 al termine di &#8220;un&#8217;istruttoria incidentale&#8221; (in termini meno tecnici un&#8217;analisi della documentazione presentata da Tirreno Power) da parte dei magistrati. A quel punto l&#8217;ultima parola (nel caso in cui, come prevedibile, il parere dei pm sia negativo) spetter\u00e0 al gip Fiorenza Giorgi.<\/p>\n","protected":false},"excerpt":{"rendered":"<p>Vado L. &#8220;Il pubblico ministero non pu\u00f2 essere strumentalizzato. Quindi non si possono orientare le decisioni del magistrato sulle istanze che vengono presentate con degli argomenti che non sono strettamente inerenti al procedimento&#8221;. Il parere della Procura sulla richiesta di poter riavviare temporaneamente i gruppi della centrale vadese, sotto sequestro dall&#8217;11 marzo scorso, non \u00e8 [&hellip;]<\/p>\n","protected":false},"author":2394,"featured_media":0,"comment_status":"open","ping_status":"closed","sticky":false,"template":"","format":"standard","meta":{"footnotes":""},"categories":[34],"tags":[53538,85850,53537,3931,261],"class_list":["post-262415","post","type-post","status-publish","format-standard","hentry","category-cronaca","tag-istanza-dissequestro","tag-savona","tag-sequestro-centrale","tag-tirreno-power","tag-vado","post_cat_citta-vado-ligure"],"amp_validity":null,"amp_enabled":true,"_links":{"self":[{"href":"https:\/\/staging.ivg.it\/ediapi\/wp\/v2\/posts\/262415","targetHints":{"allow":["GET"]}}],"collection":[{"href":"https:\/\/staging.ivg.it\/ediapi\/wp\/v2\/posts"}],"about":[{"href":"https:\/\/staging.ivg.it\/ediapi\/wp\/v2\/types\/post"}],"author":[{"embeddable":true,"href":"https:\/\/staging.ivg.it\/ediapi\/wp\/v2\/users\/2394"}],"replies":[{"embeddable":true,"href":"https:\/\/staging.ivg.it\/ediapi\/wp\/v2\/comments?post=262415"}],"version-history":[{"count":0,"href":"https:\/\/staging.ivg.it\/ediapi\/wp\/v2\/posts\/262415\/revisions"}],"wp:attachment":[{"href":"https:\/\/staging.ivg.it\/ediapi\/wp\/v2\/media?parent=262415"}],"wp:term":[{"taxonomy":"category","embeddable":true,"href":"https:\/\/staging.ivg.it\/ediapi\/wp\/v2\/categories?post=262415"},{"taxonomy":"post_tag","embeddable":true,"href":"https:\/\/staging.ivg.it\/ediapi\/wp\/v2\/tags?post=262415"}],"curies":[{"name":"wp","href":"https:\/\/api.w.org\/{rel}","templated":true}]}}