{"id":262406,"date":"2014-04-17T14:02:02","date_gmt":"2014-04-17T12:02:02","guid":{"rendered":"http:\/\/www.ivg.it\/?p=262406"},"modified":"2014-04-17T14:02:02","modified_gmt":"2014-04-17T12:02:02","slug":"noli-intitola-una-piazza-al-dottor-claudio-stettini","status":"publish","type":"post","link":"https:\/\/staging.ivg.it\/2014\/04\/noli-intitola-una-piazza-al-dottor-claudio-stettini\/","title":{"rendered":"Noli intitola una piazza al dottor Claudio Stettini"},"content":{"rendered":"<p><strong>Noli.<\/strong> Sabato 26 aprile alle ore 17 si terr\u00e0 l&#8217;intitolazione della nuova piazza adiacente via Poggio al dottor Claudio Stettini. Alla cerimonia presenzieranno il sindaco di Noli, familiari, amici e colleghi, che ricorderanno l&#8217;ex medico condotto del paese.<\/p>\n<p>&#8220;Da quando assunse l&#8217;incarico negli anni &#8217;60, dedic\u00f2 alla citt\u00e0 di Noli e ai suoi concittadini le pi\u00f9 grandi energie e la pi\u00f9 completa dedizione, diventando un punto di riferimento fondamentale per le famiglie nolesi &#8211; ricordano dal comune &#8211; Uomo di grande cultura, port\u00f2 un impulso straordinario alla collettivit\u00e0, dando vita ad importanti manifestazioni artistiche e culturali. Fondatore della sezione nolese dell&#8217;Avis, oper\u00f2 personalmente per diffondere gli ideali di solidariet\u00e0 nella nostra citt\u00e0&#8221;.<\/p>\n<p>La cerimonia si concluder\u00e0 con la benedizione da parte del parroco di Noli.<\/p>\n","protected":false},"excerpt":{"rendered":"<p>Noli. Sabato 26 aprile alle ore 17 si terr\u00e0 l&#8217;intitolazione della nuova piazza adiacente via Poggio al dottor Claudio Stettini. Alla cerimonia presenzieranno il sindaco di Noli, familiari, amici e colleghi, che ricorderanno l&#8217;ex medico condotto del paese. &#8220;Da quando assunse l&#8217;incarico negli anni &#8217;60, dedic\u00f2 alla citt\u00e0 di Noli e ai suoi concittadini le [&hellip;]<\/p>\n","protected":false},"author":13744,"featured_media":0,"comment_status":"open","ping_status":"closed","sticky":false,"template":"","format":"standard","meta":{"footnotes":""},"categories":[],"tags":[85925],"class_list":["post-262406","post","type-post","status-publish","format-standard","hentry","tag-noli","post_cat_citta-noli"],"amp_validity":null,"amp_enabled":true,"_links":{"self":[{"href":"https:\/\/staging.ivg.it\/ediapi\/wp\/v2\/posts\/262406","targetHints":{"allow":["GET"]}}],"collection":[{"href":"https:\/\/staging.ivg.it\/ediapi\/wp\/v2\/posts"}],"about":[{"href":"https:\/\/staging.ivg.it\/ediapi\/wp\/v2\/types\/post"}],"author":[{"embeddable":true,"href":"https:\/\/staging.ivg.it\/ediapi\/wp\/v2\/users\/13744"}],"replies":[{"embeddable":true,"href":"https:\/\/staging.ivg.it\/ediapi\/wp\/v2\/comments?post=262406"}],"version-history":[{"count":0,"href":"https:\/\/staging.ivg.it\/ediapi\/wp\/v2\/posts\/262406\/revisions"}],"wp:attachment":[{"href":"https:\/\/staging.ivg.it\/ediapi\/wp\/v2\/media?parent=262406"}],"wp:term":[{"taxonomy":"category","embeddable":true,"href":"https:\/\/staging.ivg.it\/ediapi\/wp\/v2\/categories?post=262406"},{"taxonomy":"post_tag","embeddable":true,"href":"https:\/\/staging.ivg.it\/ediapi\/wp\/v2\/tags?post=262406"}],"curies":[{"name":"wp","href":"https:\/\/api.w.org\/{rel}","templated":true}]}}