{"id":262390,"date":"2014-04-17T13:05:30","date_gmt":"2014-04-17T11:05:30","guid":{"rendered":"http:\/\/www.ivg.it\/?p=262390"},"modified":"2014-04-17T17:48:54","modified_gmt":"2014-04-17T15:48:54","slug":"confcommercio","status":"publish","type":"post","link":"https:\/\/staging.ivg.it\/2014\/04\/confcommercio\/","title":{"rendered":"Confcommercio, seconda edizione di &#8220;Savon@ppeal&#8221;: favorire l&#8217;occupazione giovanile"},"content":{"rendered":"<p><strong>Savona<\/strong>. E\u2019 stata presentata oggi, presso Confcommercio Savona, la seconda edizione del nuovo progetto &#8220;Orientamento al lavoro \u2013 Savon@ppeal&#8221;, realizzato grazie al partenariato della Provincia di Savona e della Camera di Commercio, unite in questa iniziativa per avvicinare alle imprese del settore terziario gli studenti del quarto anno degli istituti secondari superiori tecnici e professionali della provincia di Savona ad indirizzo turistico e commerciale.<\/p>\n<p>I principali protagonisti del progetto sono infatti le aziende commerciali, turistiche e di servizi e gli istituti secondari superiori del savonese che mettono a disposizione dei ragazzi tempo, spazi e risorse umane.<\/p>\n<p>&#8220;Abbiamo ritenuto doveroso come Confcommercio che i ragazzi al quarto anni degli istituti tecnici e commerciali della Provincia di Savona, prima di concludere il proprio percorso scolastico, conoscessero il mondo delle imprese, del commercio, del turismo e del terziario&#8221; afferma Annamaria Torterolo, direttore della Confcommercio. <\/p>\n<p>&#8220;Ci saranno incontri in aula con i ragazzi, tra esperti del mondo dell&#8217;economia e psicologi del lavoro. Previste visite guidate in aziende, strutture alberghiere e commerciali, e aziende che si occupano di servizi dall&#8217;agenzia immobiliare all&#8217;agenzia di viaggi. E poi un periodo di stage informativo per avere un contatto diretto con il mondo del lavoro&#8221;.<\/p>\n<p>&#8220;Cosa fondamentale \u00e8 proprio il rapporto tra la scuola e il mondo del lavoro. Per la scuola, che deve conoscere e saper affrontare i cambiamenti dell&#8217;occupazione e per il mondo del lavoro,che deve conoscere le aspettative e deve mettere i ragazzi nelle giuste condizioni per intraprendere il giusto percorso&#8221; conclude la Torterolo.<\/p>\n<p>&#8220;E&#8217; un&#8217;occasione per informare i ragazzi mentre si stanno formando. Per dare loro conoscenza del mondo del lavoro, con molte aziende a disposizione per degli stage: questi ragazzi potranno scegliere con maggiore conoscenza e coscienza la propria occupazione futura. E&#8217; un protocollo sottoscritto da Camera di Commercio, Confcommercio e Provincia di Savona per dare un&#8217;opportunit\u00e0 importante ai ragazzi&#8221; sottolinea il presidente della Provincia Angelo Vaccarezza.<\/p>\n<p>&#8220;Il commercio ed i servizi rappresentano settori fondamentali per il nostro tessuto economico e permettere ai giovani di far conoscere le realt\u00e0 aziendali del territorio \u00e8 una opportunit\u00e0 importante per capire le proprie possibilit\u00e0 di inserimento nel mondo del lavoro. Avvicinare scuola e formazione con le imprese \u00e8 uno degli obiettivi da perseguire, con rapporti sempre pi\u00f9 stretti che possono implementare l&#8217;occupazione giovanile&#8221; evidenzia il presidente della Camera di Commercio Luciano Pasquale.<\/p>\n","protected":false},"excerpt":{"rendered":"<p>Savona. E\u2019 stata presentata oggi, presso Confcommercio Savona, la seconda edizione del nuovo progetto &#8220;Orientamento al lavoro \u2013 Savon@ppeal&#8221;, realizzato grazie al partenariato della Provincia di Savona e della Camera di Commercio, unite in questa iniziativa per avvicinare alle imprese del settore terziario gli studenti del quarto anno degli istituti secondari superiori tecnici e professionali [&hellip;]<\/p>\n","protected":false},"author":13744,"featured_media":0,"comment_status":"open","ping_status":"closed","sticky":false,"template":"","format":"standard","meta":{"footnotes":""},"categories":[35],"tags":[51890,9994,85850],"class_list":["post-262390","post","type-post","status-publish","format-standard","hentry","category-economia","tag-confcommercio-savona","tag-provincia-di-savona","tag-savona","post_cat_citta-andora","post_cat_citta-savona"],"amp_validity":null,"amp_enabled":true,"_links":{"self":[{"href":"https:\/\/staging.ivg.it\/ediapi\/wp\/v2\/posts\/262390","targetHints":{"allow":["GET"]}}],"collection":[{"href":"https:\/\/staging.ivg.it\/ediapi\/wp\/v2\/posts"}],"about":[{"href":"https:\/\/staging.ivg.it\/ediapi\/wp\/v2\/types\/post"}],"author":[{"embeddable":true,"href":"https:\/\/staging.ivg.it\/ediapi\/wp\/v2\/users\/13744"}],"replies":[{"embeddable":true,"href":"https:\/\/staging.ivg.it\/ediapi\/wp\/v2\/comments?post=262390"}],"version-history":[{"count":0,"href":"https:\/\/staging.ivg.it\/ediapi\/wp\/v2\/posts\/262390\/revisions"}],"wp:attachment":[{"href":"https:\/\/staging.ivg.it\/ediapi\/wp\/v2\/media?parent=262390"}],"wp:term":[{"taxonomy":"category","embeddable":true,"href":"https:\/\/staging.ivg.it\/ediapi\/wp\/v2\/categories?post=262390"},{"taxonomy":"post_tag","embeddable":true,"href":"https:\/\/staging.ivg.it\/ediapi\/wp\/v2\/tags?post=262390"}],"curies":[{"name":"wp","href":"https:\/\/api.w.org\/{rel}","templated":true}]}}