{"id":262326,"date":"2014-04-16T16:30:49","date_gmt":"2014-04-16T14:30:49","guid":{"rendered":"http:\/\/www.ivg.it\/?p=262326"},"modified":"2014-04-16T17:09:57","modified_gmt":"2014-04-16T15:09:57","slug":"savona-il-mercatino-dei-prodotti-chilometro-zero","status":"publish","type":"post","link":"https:\/\/staging.ivg.it\/2014\/04\/savona-il-mercatino-dei-prodotti-chilometro-zero\/","title":{"rendered":"A Savona il mercatino dei prodotti a chilometro zero"},"content":{"rendered":"<p><strong>Savona<\/strong>. Oggi si \u00e8 tenuto il mercatino in Piazza del Brandale dei prodotti agricoli a km zero, organizzato in questa occasione da Cia Savona, nell&#8217;ambito della campagna nazionale &#8220;Campagna amica&#8221;, insieme con il Comune di Savona.<\/p>\n<p>Ogni primo e terzo mercoled\u00ec del mese infatti, a partire dal corrente mese di aprile, si tiene il mercatino delle eccellenze del territorio sotto le torri del Brandale, riprendendo l&#8217;antichissima tradizione del mercato delle erbe che si teneva proprio sotto la Campanassa: il primo mercoled\u00ec \u00e8 organizzato da Coldiretti Savona, il terzo mercoled\u00ec da Cia Savona. <\/p>\n<p>Per i consumatori e per i molti turisti che affollano le bancarelle \u00e8 una bella occasione di incontrare direttamente qualificati produttori della provincia di Savona. Il progetto generale comprende le campagne nazionali indette per una pi\u00f9 forte consapevolezza dei consumatori verso i prodotti italiani a chilometro zero, con particolare riferimento a Campagna Amica della Coldiretti e La Spesa in Campagna della Cia, per un discorso di sostegno all&#8217;agricoltura nazionale e locale ma anche per una maggiore sensibilit\u00e0 dell&#8217;educazione alimentare. <\/p>\n<p>L&#8217;Assessore allo Sviluppo Economico Paolo Apicella ha presenziato all&#8217;apertura, insieme ai vertici di CIA Savona, tra i quali il presidente provinciale Mirco Mastroianni, il direttore provinciale Osvaldo Geddo, Giorgio Scarrone responsabile del settore del progetto &#8220;La Spesa in Campagna&#8221; e Waltero Sparso responsabile della CIA per Savona.<\/p>\n","protected":false},"excerpt":{"rendered":"<p>Savona. Oggi si \u00e8 tenuto il mercatino in Piazza del Brandale dei prodotti agricoli a km zero, organizzato in questa occasione da Cia Savona, nell&#8217;ambito della campagna nazionale &#8220;Campagna amica&#8221;, insieme con il Comune di Savona. Ogni primo e terzo mercoled\u00ec del mese infatti, a partire dal corrente mese di aprile, si tiene il mercatino [&hellip;]<\/p>\n","protected":false},"author":13744,"featured_media":0,"comment_status":"open","ping_status":"closed","sticky":false,"template":"","format":"standard","meta":{"footnotes":""},"categories":[],"tags":[1189,1600,85850],"class_list":["post-262326","post","type-post","status-publish","format-standard","hentry","tag-cia","tag-prodotti-tipici","tag-savona","post_cat_citta-savona"],"amp_validity":null,"amp_enabled":true,"_links":{"self":[{"href":"https:\/\/staging.ivg.it\/ediapi\/wp\/v2\/posts\/262326","targetHints":{"allow":["GET"]}}],"collection":[{"href":"https:\/\/staging.ivg.it\/ediapi\/wp\/v2\/posts"}],"about":[{"href":"https:\/\/staging.ivg.it\/ediapi\/wp\/v2\/types\/post"}],"author":[{"embeddable":true,"href":"https:\/\/staging.ivg.it\/ediapi\/wp\/v2\/users\/13744"}],"replies":[{"embeddable":true,"href":"https:\/\/staging.ivg.it\/ediapi\/wp\/v2\/comments?post=262326"}],"version-history":[{"count":0,"href":"https:\/\/staging.ivg.it\/ediapi\/wp\/v2\/posts\/262326\/revisions"}],"wp:attachment":[{"href":"https:\/\/staging.ivg.it\/ediapi\/wp\/v2\/media?parent=262326"}],"wp:term":[{"taxonomy":"category","embeddable":true,"href":"https:\/\/staging.ivg.it\/ediapi\/wp\/v2\/categories?post=262326"},{"taxonomy":"post_tag","embeddable":true,"href":"https:\/\/staging.ivg.it\/ediapi\/wp\/v2\/tags?post=262326"}],"curies":[{"name":"wp","href":"https:\/\/api.w.org\/{rel}","templated":true}]}}