{"id":262213,"date":"2014-04-15T16:51:04","date_gmt":"2014-04-15T14:51:04","guid":{"rendered":"http:\/\/www.ivg.it\/?p=262213"},"modified":"2014-04-15T16:51:20","modified_gmt":"2014-04-15T14:51:20","slug":"finale-festa-della-liberazione-tutte-le-iniziative","status":"publish","type":"post","link":"https:\/\/staging.ivg.it\/2014\/04\/finale-festa-della-liberazione-tutte-le-iniziative\/","title":{"rendered":"Finale, festa della Liberazione: tutte le iniziative"},"content":{"rendered":"<p><strong>Finale L. <\/strong> Il Comune di Finale Ligure e la sezione finalese dell\u2019Anpi (Associazione Nazionale partigiani d\u2019Italia) organizzano una serie di iniziative per il 25 Aprile 2014 \u2013 Festa della Liberazione.<\/p>\n<p>Mercoled\u00ec 16 aprile, alle 10.30, \u00e8 in programma un Consiglio comunale straordinario presso l\u2019aula conferenza del Liceo Issel.<\/p>\n<p>Dal 20 al 27 aprile le vetrine dei negozi di Finalmarina e Finalborgo ospiteranno i disegni realizzati dagli allievi dell\u2019Istituto scolastico comprensivo. <\/p>\n<p>Gioved\u00ec 24 aprile \u00e8 in programma la Festa della Liberazione in piazza Vittorio Emanuele a cura dell\u2019Istituto Comprensivo di Finale Ligure. Dalle 9 alle 12, canzoni e letture a cura degli alunni e lancio di palloncini con messaggi ispirati alla Resistenza e alla Costituzione. Alle 12 saranno deposte delle corone ai  monumenti ai Caduti e alla Resistenza.<\/p>\n<p>Venerd\u00ec 25 aprile Festa della Liberazione a Finalborgo a cura dell\u2019Anpi con cerimonia religiosa presso la basilica di San Biagio (ore 8), camminata non competitiva in collaborazione con la palestra &#8220;Stile Libero&#8221; (ore 9-12,30), musica nel Borgo, tavola rotonda con i candidati sindaci alle prossime elezioni amministrative, mostra di lavori scolastici, esposizioni di pubblicazioni e gadget dell\u2019Anpi.<br \/>\nAlle 13 pranzo a cura dell\u2019associazione di volontariato Noi per Voi prezzo l\u2019ex mensa &#8220;Aycardi&#8221;(prenotazioni entro il 22 aprile al 3333954192). Nel pomeriggio: musica nel Borgo (ore 15-18), proiezione di Dvd, tavola rotonda sul ruolo dell\u2019Anpi oggi e sottoscrizione a premi.<\/p>\n<p>Il 26 aprile, alle 17.30, sar\u00e0 presentato in Sala &#8220;Gallesio&#8221; il libro &#8220;Ora il mio nome \u00e8 scritto l\u00ec&#8221; di F. Lebole.<\/p>\n","protected":false},"excerpt":{"rendered":"<p>Finale L. Il Comune di Finale Ligure e la sezione finalese dell\u2019Anpi (Associazione Nazionale partigiani d\u2019Italia) organizzano una serie di iniziative per il 25 Aprile 2014 \u2013 Festa della Liberazione. Mercoled\u00ec 16 aprile, alle 10.30, \u00e8 in programma un Consiglio comunale straordinario presso l\u2019aula conferenza del Liceo Issel. Dal 20 al 27 aprile le vetrine [&hellip;]<\/p>\n","protected":false},"author":13744,"featured_media":0,"comment_status":"open","ping_status":"closed","sticky":false,"template":"","format":"standard","meta":{"footnotes":""},"categories":[],"tags":[8980,4842,209,2671],"class_list":["post-262213","post","type-post","status-publish","format-standard","hentry","tag-25-aprile","tag-anpi","tag-finale","tag-iniziative","post_cat_citta-finale-ligure"],"amp_validity":null,"amp_enabled":true,"_links":{"self":[{"href":"https:\/\/staging.ivg.it\/ediapi\/wp\/v2\/posts\/262213","targetHints":{"allow":["GET"]}}],"collection":[{"href":"https:\/\/staging.ivg.it\/ediapi\/wp\/v2\/posts"}],"about":[{"href":"https:\/\/staging.ivg.it\/ediapi\/wp\/v2\/types\/post"}],"author":[{"embeddable":true,"href":"https:\/\/staging.ivg.it\/ediapi\/wp\/v2\/users\/13744"}],"replies":[{"embeddable":true,"href":"https:\/\/staging.ivg.it\/ediapi\/wp\/v2\/comments?post=262213"}],"version-history":[{"count":0,"href":"https:\/\/staging.ivg.it\/ediapi\/wp\/v2\/posts\/262213\/revisions"}],"wp:attachment":[{"href":"https:\/\/staging.ivg.it\/ediapi\/wp\/v2\/media?parent=262213"}],"wp:term":[{"taxonomy":"category","embeddable":true,"href":"https:\/\/staging.ivg.it\/ediapi\/wp\/v2\/categories?post=262213"},{"taxonomy":"post_tag","embeddable":true,"href":"https:\/\/staging.ivg.it\/ediapi\/wp\/v2\/tags?post=262213"}],"curies":[{"name":"wp","href":"https:\/\/api.w.org\/{rel}","templated":true}]}}