{"id":262212,"date":"2014-04-15T16:25:08","date_gmt":"2014-04-15T14:25:08","guid":{"rendered":"http:\/\/www.ivg.it\/?p=262212"},"modified":"2014-04-15T19:11:46","modified_gmt":"2014-04-15T17:11:46","slug":"savona-arriva-il-mercatino-dei-produttori-agricoli","status":"publish","type":"post","link":"https:\/\/staging.ivg.it\/2014\/04\/savona-arriva-il-mercatino-dei-produttori-agricoli\/","title":{"rendered":"A Savona arriva il &#8220;Mercatino&#8221; dei produttori agricoli"},"content":{"rendered":"<p><strong>Savona<\/strong>. Con l&#8217;apertura del mercatino dei produttori agricoli dell&#8217;associazione &#8220;Spesa in campagna&#8221; aderente alla Confederazione Italiana Agricoltori di Savona che si svolger\u00e0 domani mattina, dalle 8.00 alle 14.00 in Piazza del Brandale, si completa l&#8217;apertura del circuito di vendita diretta del nuovo mercato dei produttori agricoli.<\/p>\n<p>Questo &#8220;Mercatino&#8221; dei produttori si rinnover\u00e0 per tutto il 2014  tutti i 3\u00b0 mercoled\u00ec mattina di ogni mese a cura della Confederazione Italiana Agricoltori (mentre il 1\u00b0 mercoled\u00ec di ogni mese sar\u00e0 curato dall&#8217;altra associazione agricola).<\/p>\n<p>E&#8217; un&#8217;occasione importante perch\u00e9 rinnova la tradizione delle antiche vendite delle produzioni agricole nella piazza delle erbe recupero storico per la citt\u00e0 di Savona.<\/p>\n<p>Saranno presenti circa una quindicina di produttori provenienti da tutta la provincia coprendo ogni settore merceologico delle produzioni dirette agricole: dal miele ai salumi, dall&#8217;orto-frutta ai formaggi, passando dall&#8217;erboristeria alle conserve, all&#8217;olio d&#8217;oliva ai cereali ed al vino.<\/p>\n<p>Insomma tutto ci\u00f2 di meglio delle produzioni agricole che la provincia savonese pu\u00f2 offrire nel momento dell&#8217;attuale stagione, ovvero qualche prodotto potrebbe non essere presente ma solo perch\u00e9 la sua produzione locale non \u00e8 ancora giunta alla commercializzazione.<\/p>\n","protected":false},"excerpt":{"rendered":"<p>Savona. Con l&#8217;apertura del mercatino dei produttori agricoli dell&#8217;associazione &#8220;Spesa in campagna&#8221; aderente alla Confederazione Italiana Agricoltori di Savona che si svolger\u00e0 domani mattina, dalle 8.00 alle 14.00 in Piazza del Brandale, si completa l&#8217;apertura del circuito di vendita diretta del nuovo mercato dei produttori agricoli. Questo &#8220;Mercatino&#8221; dei produttori si rinnover\u00e0 per tutto il [&hellip;]<\/p>\n","protected":false},"author":13744,"featured_media":0,"comment_status":"open","ping_status":"closed","sticky":false,"template":"","format":"standard","meta":{"footnotes":""},"categories":[],"tags":[1189,1600,85850],"class_list":["post-262212","post","type-post","status-publish","format-standard","hentry","tag-cia","tag-prodotti-tipici","tag-savona","post_cat_citta-savona"],"amp_validity":null,"amp_enabled":true,"_links":{"self":[{"href":"https:\/\/staging.ivg.it\/ediapi\/wp\/v2\/posts\/262212","targetHints":{"allow":["GET"]}}],"collection":[{"href":"https:\/\/staging.ivg.it\/ediapi\/wp\/v2\/posts"}],"about":[{"href":"https:\/\/staging.ivg.it\/ediapi\/wp\/v2\/types\/post"}],"author":[{"embeddable":true,"href":"https:\/\/staging.ivg.it\/ediapi\/wp\/v2\/users\/13744"}],"replies":[{"embeddable":true,"href":"https:\/\/staging.ivg.it\/ediapi\/wp\/v2\/comments?post=262212"}],"version-history":[{"count":0,"href":"https:\/\/staging.ivg.it\/ediapi\/wp\/v2\/posts\/262212\/revisions"}],"wp:attachment":[{"href":"https:\/\/staging.ivg.it\/ediapi\/wp\/v2\/media?parent=262212"}],"wp:term":[{"taxonomy":"category","embeddable":true,"href":"https:\/\/staging.ivg.it\/ediapi\/wp\/v2\/categories?post=262212"},{"taxonomy":"post_tag","embeddable":true,"href":"https:\/\/staging.ivg.it\/ediapi\/wp\/v2\/tags?post=262212"}],"curies":[{"name":"wp","href":"https:\/\/api.w.org\/{rel}","templated":true}]}}