{"id":262145,"date":"2014-04-15T07:47:20","date_gmt":"2014-04-15T05:47:20","guid":{"rendered":"http:\/\/www.ivg.it\/?p=262145"},"modified":"2014-04-15T15:23:30","modified_gmt":"2014-04-15T13:23:30","slug":"gatto-impiccato-ad-albisola-superiore-e-caccia-al-colpevole-rischia-fino-2-anni","status":"publish","type":"post","link":"https:\/\/staging.ivg.it\/2014\/04\/gatto-impiccato-ad-albisola-superiore-e-caccia-al-colpevole-rischia-fino-2-anni\/","title":{"rendered":"Gatto impiccato ad Albisola Superiore, \u00e8 caccia al colpevole: rischia fino a 2 anni"},"content":{"rendered":"<p><strong>Albisola Superiore.<\/strong> Un gatto impiccato con una corda ad un albero: questo il macabro ritrovamento fatto da un automobilista a Luceto, frazione di Albisola Superiore.<\/p>\n<p>L&#8217;uomo stava transitando in auto vicino ad una casa semiabbandonata quando ha notato un &#8220;fagotto&#8221; bianco e grigio che pendeva appeso ad un albero; avvicinatosi ha accertato disgustato che si trattava di un gatto adulto impiccato da qualcuno.<\/p>\n<p>Sul preoccupante episodio indagano ora le guardie zoofile volontarie della Protezioni Animali savonese. Gli agenti dell&#8217;Enpa stanno cercando di capire se l&#8217;animale era gi\u00e0 morto quando \u00e8 stato appeso o se si \u00e8 trattato di una vera e propria esecuzione da parte di qualche sadico in cerca di emozioni forti. <\/p>\n<p>Al termine dell&#8217;inchiesta invieranno una notizia di reato alla Procura della Repubblica, per violazione dell&#8217;articolo 544 ter del Codice Penale, che prevede la reclusione da 4 mesi a 2 anni.<\/p>\n<p>Chiunque possa dare notizie utili ad individuare l&#8217;autore dell&#8217;uccisione pu\u00f2 telefonare allo 019 824735, da luned\u00ec a sabato, dalle 10 alle 12 o dalle 17 alle 19, o inviare una mail a savona@enpa.org.<\/p>\n","protected":false},"excerpt":{"rendered":"<p>Albisola Superiore. Un gatto impiccato con una corda ad un albero: questo il macabro ritrovamento fatto da un automobilista a Luceto, frazione di Albisola Superiore. L&#8217;uomo stava transitando in auto vicino ad una casa semiabbandonata quando ha notato un &#8220;fagotto&#8221; bianco e grigio che pendeva appeso ad un albero; avvicinatosi ha accertato disgustato che si [&hellip;]<\/p>\n","protected":false},"author":13744,"featured_media":0,"comment_status":"open","ping_status":"closed","sticky":false,"template":"","format":"standard","meta":{"footnotes":""},"categories":[34],"tags":[86016,436],"class_list":["post-262145","post","type-post","status-publish","format-standard","hentry","category-cronaca","tag-albisola-superiore","tag-enpa","post_cat_citta-albisola-superiore"],"amp_validity":null,"amp_enabled":true,"_links":{"self":[{"href":"https:\/\/staging.ivg.it\/ediapi\/wp\/v2\/posts\/262145","targetHints":{"allow":["GET"]}}],"collection":[{"href":"https:\/\/staging.ivg.it\/ediapi\/wp\/v2\/posts"}],"about":[{"href":"https:\/\/staging.ivg.it\/ediapi\/wp\/v2\/types\/post"}],"author":[{"embeddable":true,"href":"https:\/\/staging.ivg.it\/ediapi\/wp\/v2\/users\/13744"}],"replies":[{"embeddable":true,"href":"https:\/\/staging.ivg.it\/ediapi\/wp\/v2\/comments?post=262145"}],"version-history":[{"count":0,"href":"https:\/\/staging.ivg.it\/ediapi\/wp\/v2\/posts\/262145\/revisions"}],"wp:attachment":[{"href":"https:\/\/staging.ivg.it\/ediapi\/wp\/v2\/media?parent=262145"}],"wp:term":[{"taxonomy":"category","embeddable":true,"href":"https:\/\/staging.ivg.it\/ediapi\/wp\/v2\/categories?post=262145"},{"taxonomy":"post_tag","embeddable":true,"href":"https:\/\/staging.ivg.it\/ediapi\/wp\/v2\/tags?post=262145"}],"curies":[{"name":"wp","href":"https:\/\/api.w.org\/{rel}","templated":true}]}}