{"id":262129,"date":"2014-04-14T16:23:20","date_gmt":"2014-04-14T14:23:20","guid":{"rendered":"http:\/\/www.ivg.it\/?p=262129"},"modified":"2014-04-15T09:11:10","modified_gmt":"2014-04-15T07:11:10","slug":"elezioni-ecco-la-lista-civica-per-albenga-che-sostiene-giorgio-cangiano","status":"publish","type":"post","link":"https:\/\/staging.ivg.it\/2014\/04\/elezioni-ecco-la-lista-civica-per-albenga-che-sostiene-giorgio-cangiano\/","title":{"rendered":"Elezioni, ecco la lista civica &#8220;Per Albenga&#8221; che sostiene Giorgio Cangiano"},"content":{"rendered":"<p><strong>Albenga. <\/strong>\u201cSiamo un gruppo unito e profondamente convinto di poter fare qualcosa, non solo in ottica prettamente elettorale: ci prendiamo l&#8217;impegno, dopo le elezioni, di mantenere frequenti e proficui i contatti tra di noi \u2013 eletti e non \u2013 e con tutti coloro che ci hanno sostenuto, portando personalmente a chi di noi sieder\u00e0 in Consiglio comunale le istanze che ci verranno presentate\u201d. Cos\u00ec si presenta la lista civica &#8220;Per Albenga&#8221; che appoggia il candidato sindaco del centro sinistra Giorgio Cangiano alle prossime elezioni comunali di Albenga. <\/p>\n<p>\u201cSiamo certi che la politica, quella che giova alla citt\u00e0, \u00e8 soprattutto quella che viene fatta dopo le elezioni, la politica che si occupa dei cittadini e delle loro necessit\u00e0. Dobbiamo cambiare e noi vogliamo essere artefici di un modo nuovo di far politica nella nostra citt\u00e0: basta con sterili polemiche, insulti, arroganza. S\u00ec a positivit\u00e0, ascolto, dialogo, collaborazione, confronto costruttivo per il bene di Albenga\u201d aggiunge la lista civica.<\/p>\n<p>\u201cL&#8217;impegno per la citt\u00e0 non \u00e8 caratteristica propria solo di chi fa parte dell&#8217;amministrazione: ognuno di noi deve fare la sua parte, a partire da piccoli gesti concreti e quotidiani; siamo chiamati a recuperare quel po&#8217; di &#8221;buon senso civico&#8221;, cio\u00e8 risentirci parte di una comunit\u00e0, che ci porta, ogni giorno, ad interessarci di quel che accade intorno a noi e a fare qualcosa\u201d.<\/p>\n<p>\u201cCome un fiore, va curato ogni giorno, cos\u00ec anche la nostra citt\u00e0, affinch\u00e9 esprima al meglio le sue innumerevoli potenzialit\u00e0: Giorgio \u00e8 la persona giusta per farle emergere e metterle proficuamente a frutto, con lui e la nostra squadra &#8221;Per Albenga&#8221;, unita e affiatata, ci impegneremo al massimo delle nostre  possibilit\u00e0 per fare il meglio per la nostra citt\u00e0\u201d conclude.<\/p>\n<p><a href=\"http:\/\/www.ivg.it\/wp-content\/uploads\/2014\/04\/Per-Albenga-1.pdf\">Ecco i candidati della lista<\/a><\/p>\n","protected":false},"excerpt":{"rendered":"<p>Albenga. \u201cSiamo un gruppo unito e profondamente convinto di poter fare qualcosa, non solo in ottica prettamente elettorale: ci prendiamo l&#8217;impegno, dopo le elezioni, di mantenere frequenti e proficui i contatti tra di noi \u2013 eletti e non \u2013 e con tutti coloro che ci hanno sostenuto, portando personalmente a chi di noi sieder\u00e0 in [&hellip;]<\/p>\n","protected":false},"author":13744,"featured_media":0,"comment_status":"open","ping_status":"closed","sticky":false,"template":"","format":"standard","meta":{"footnotes":""},"categories":[31],"tags":[85841,50768,51315],"class_list":["post-262129","post","type-post","status-publish","format-standard","hentry","category-politica","tag-albenga","tag-elezioni-albenga","tag-giorgio-cangiano","post_cat_citta-albenga","post_cat_citta-andora"],"amp_validity":null,"amp_enabled":true,"_links":{"self":[{"href":"https:\/\/staging.ivg.it\/ediapi\/wp\/v2\/posts\/262129","targetHints":{"allow":["GET"]}}],"collection":[{"href":"https:\/\/staging.ivg.it\/ediapi\/wp\/v2\/posts"}],"about":[{"href":"https:\/\/staging.ivg.it\/ediapi\/wp\/v2\/types\/post"}],"author":[{"embeddable":true,"href":"https:\/\/staging.ivg.it\/ediapi\/wp\/v2\/users\/13744"}],"replies":[{"embeddable":true,"href":"https:\/\/staging.ivg.it\/ediapi\/wp\/v2\/comments?post=262129"}],"version-history":[{"count":0,"href":"https:\/\/staging.ivg.it\/ediapi\/wp\/v2\/posts\/262129\/revisions"}],"wp:attachment":[{"href":"https:\/\/staging.ivg.it\/ediapi\/wp\/v2\/media?parent=262129"}],"wp:term":[{"taxonomy":"category","embeddable":true,"href":"https:\/\/staging.ivg.it\/ediapi\/wp\/v2\/categories?post=262129"},{"taxonomy":"post_tag","embeddable":true,"href":"https:\/\/staging.ivg.it\/ediapi\/wp\/v2\/tags?post=262129"}],"curies":[{"name":"wp","href":"https:\/\/api.w.org\/{rel}","templated":true}]}}