{"id":262127,"date":"2014-04-14T16:21:20","date_gmt":"2014-04-14T14:21:20","guid":{"rendered":"http:\/\/www.ivg.it\/?p=262127"},"modified":"2014-04-14T19:52:29","modified_gmt":"2014-04-14T17:52:29","slug":"maltrattamenti-alla-vada-sabatia-melgrati-e-rosso-attaccano-lasl-segnalazioni-non-controllate","status":"publish","type":"post","link":"https:\/\/staging.ivg.it\/2014\/04\/maltrattamenti-alla-vada-sabatia-melgrati-e-rosso-attaccano-lasl-segnalazioni-non-controllate\/","title":{"rendered":"Maltrattamenti alla Vada Sabatia, Melgrati e Rosso attaccano l&#8217;Asl: &#8220;Segnalazioni non controllate&#8221;"},"content":{"rendered":"<p><strong>Vado Ligure.<\/strong> &#8220;Gli orrori del famigerato reparto 3D della Residenza Sanitaria Assistita per anziani Vada Sabatia erano noti da tempo&#8221;. A denunciarlo sono il capogruppo di Forza Italia in Regione, Marco Melgrati, e il vicepresidente della commissione sanit\u00e0, Matteo Rosso, che hanno presentato una interrogazione urgente in consiglio.<\/p>\n<p>&#8220;Si \u00e8 a conoscenza di almeno una segnalazione fatta alla Direzione dell\u2019Asl 2 savonese di atteggiamenti violenti all\u2019interno della struttura. Rimane da capire &#8211; tuonano &#8211; come mai i vertici dell\u2019Asl di Savona non sono intervenuti nella necessaria funzione di un costante controllo e verifica della prestazione del servizio erogato e quindi pagato, nonostante avessero avuto almeno questa segnalazione che abbiamo letto sui media\u201d. <\/p>\n<p>Chiedono i due esponenti di Forza Italia come sia stato possibile che, prima dell\u2019intervento della Magistratura e della Guardia di Finanza, nessuno avesse ritenuto di dover controllare, con ispezioni a sorpresa, la struttura stessa: \u201cAnche per la eventuale pericolosit\u00e0, se riconosciuta, di alcuni pazienti, vogliamo sapere come mai non sono state porte in essere le necessarie cautele. Metodi da vero e proprio &#8216;lager&#8217;, documentati da filmati, con aggressioni, privazione della libert\u00e0 individuale, umiliazioni, maltrattamenti, schiaffi, pugni ed addirittura esibizione di genitali. Inoltre parrebbe che il personale indagato non abbia i requisiti socio-sanitari richiesti e le qualifiche per le quali sarebbero stati assunti\u201d.<\/p>\n<p>I consiglieri di Forza Italia ritengono che non si sia potuti arrivare a queste depravazioni comportamentali senza che ci siano state avvisaglie: \u201cLa gravit\u00e0 sta nel fatto che nessuno, all\u2019Asl di Savona, ha sentito la necessit\u00e0 di controllare. Se ci sono (e non pu\u00f2 essere diversamente) responsabilit\u00e0, allora qualcuno deve assumersele e risponderne\u201d.<\/p>\n","protected":false},"excerpt":{"rendered":"<p>Vado Ligure. &#8220;Gli orrori del famigerato reparto 3D della Residenza Sanitaria Assistita per anziani Vada Sabatia erano noti da tempo&#8221;. A denunciarlo sono il capogruppo di Forza Italia in Regione, Marco Melgrati, e il vicepresidente della commissione sanit\u00e0, Matteo Rosso, che hanno presentato una interrogazione urgente in consiglio. &#8220;Si \u00e8 a conoscenza di almeno una [&hellip;]<\/p>\n","protected":false},"author":13744,"featured_media":0,"comment_status":"open","ping_status":"closed","sticky":false,"template":"","format":"standard","meta":{"footnotes":""},"categories":[34,31],"tags":[292,53354,2328,1098,3939,85979],"class_list":["post-262127","post","type-post","status-publish","format-standard","hentry","category-cronaca","category-politica","tag-asl-2","tag-maltrattamenti-vada-sabatia","tag-marco-melgrati","tag-matteo-rosso","tag-vada-sabatia","tag-vado-ligure","post_cat_citta-vado-ligure"],"amp_validity":null,"amp_enabled":true,"_links":{"self":[{"href":"https:\/\/staging.ivg.it\/ediapi\/wp\/v2\/posts\/262127","targetHints":{"allow":["GET"]}}],"collection":[{"href":"https:\/\/staging.ivg.it\/ediapi\/wp\/v2\/posts"}],"about":[{"href":"https:\/\/staging.ivg.it\/ediapi\/wp\/v2\/types\/post"}],"author":[{"embeddable":true,"href":"https:\/\/staging.ivg.it\/ediapi\/wp\/v2\/users\/13744"}],"replies":[{"embeddable":true,"href":"https:\/\/staging.ivg.it\/ediapi\/wp\/v2\/comments?post=262127"}],"version-history":[{"count":0,"href":"https:\/\/staging.ivg.it\/ediapi\/wp\/v2\/posts\/262127\/revisions"}],"wp:attachment":[{"href":"https:\/\/staging.ivg.it\/ediapi\/wp\/v2\/media?parent=262127"}],"wp:term":[{"taxonomy":"category","embeddable":true,"href":"https:\/\/staging.ivg.it\/ediapi\/wp\/v2\/categories?post=262127"},{"taxonomy":"post_tag","embeddable":true,"href":"https:\/\/staging.ivg.it\/ediapi\/wp\/v2\/tags?post=262127"}],"curies":[{"name":"wp","href":"https:\/\/api.w.org\/{rel}","templated":true}]}}