{"id":262000,"date":"2014-04-12T08:50:10","date_gmt":"2014-04-12T06:50:10","guid":{"rendered":"http:\/\/www.ivg.it\/?p=262000"},"modified":"2014-04-12T08:50:10","modified_gmt":"2014-04-12T06:50:10","slug":"vado-iniziativa-del-pd-per-discutere-di-europa-ed-elezioni-presenti-lunardon-e-giuliano","status":"publish","type":"post","link":"https:\/\/staging.ivg.it\/2014\/04\/vado-iniziativa-del-pd-per-discutere-di-europa-ed-elezioni-presenti-lunardon-e-giuliano\/","title":{"rendered":"Vado, iniziativa del Pd per discutere di Europa ed elezioni: presenti Lunardon e Giuliano"},"content":{"rendered":"<p><strong>Vado L.<\/strong> Il partito democratico di Vado, domani pomeriggio, alle 17, presso la sede dei soci Coop, organizza un incontro pubblico sui temi dell&#8217;Europa e sulle questioni di rilievo nazionale e locale, in vista dell&#8217;appuntamento elettorale del 25 maggio prossimo. Saranno presenti la deputata Anna Giacobbe e il segretario regionale del Pd Giovanni Lunardon.<\/p>\n<p>Nel corso dell&#8217;incontro la candidata sindaco per il centro sinistra vadese Monica Giuliano presenter\u00e0 &#8220;le linee programmatiche per il governo del paese e le proposte per affontare e governare la drammatica situazione socio economica di Vado&#8221;. Il candidato sindaco dar\u00e0 anche alcune anticipazioni sulla lista civica &#8220;lavoriamo con i vadesi&#8221;. La lista verr\u00e0 presentata ufficialmente nel punto di ritrovo in via gramsci a Vado venerd\u00ec 18 alle ore 17.<\/p>\n","protected":false},"excerpt":{"rendered":"<p>Vado L. Il partito democratico di Vado, domani pomeriggio, alle 17, presso la sede dei soci Coop, organizza un incontro pubblico sui temi dell&#8217;Europa e sulle questioni di rilievo nazionale e locale, in vista dell&#8217;appuntamento elettorale del 25 maggio prossimo. Saranno presenti la deputata Anna Giacobbe e il segretario regionale del Pd Giovanni Lunardon. Nel [&hellip;]<\/p>\n","protected":false},"author":13744,"featured_media":0,"comment_status":"open","ping_status":"closed","sticky":false,"template":"","format":"standard","meta":{"footnotes":""},"categories":[31],"tags":[7063,197,261],"class_list":["post-262000","post","type-post","status-publish","format-standard","hentry","category-politica","tag-monica-giuliano","tag-pd","tag-vado","post_cat_citta-vado-ligure"],"amp_validity":null,"amp_enabled":true,"_links":{"self":[{"href":"https:\/\/staging.ivg.it\/ediapi\/wp\/v2\/posts\/262000","targetHints":{"allow":["GET"]}}],"collection":[{"href":"https:\/\/staging.ivg.it\/ediapi\/wp\/v2\/posts"}],"about":[{"href":"https:\/\/staging.ivg.it\/ediapi\/wp\/v2\/types\/post"}],"author":[{"embeddable":true,"href":"https:\/\/staging.ivg.it\/ediapi\/wp\/v2\/users\/13744"}],"replies":[{"embeddable":true,"href":"https:\/\/staging.ivg.it\/ediapi\/wp\/v2\/comments?post=262000"}],"version-history":[{"count":0,"href":"https:\/\/staging.ivg.it\/ediapi\/wp\/v2\/posts\/262000\/revisions"}],"wp:attachment":[{"href":"https:\/\/staging.ivg.it\/ediapi\/wp\/v2\/media?parent=262000"}],"wp:term":[{"taxonomy":"category","embeddable":true,"href":"https:\/\/staging.ivg.it\/ediapi\/wp\/v2\/categories?post=262000"},{"taxonomy":"post_tag","embeddable":true,"href":"https:\/\/staging.ivg.it\/ediapi\/wp\/v2\/tags?post=262000"}],"curies":[{"name":"wp","href":"https:\/\/api.w.org\/{rel}","templated":true}]}}