{"id":261970,"date":"2014-04-11T16:33:09","date_gmt":"2014-04-11T14:33:09","guid":{"rendered":"http:\/\/www.ivg.it\/?p=261970"},"modified":"2014-04-12T16:43:40","modified_gmt":"2014-04-12T14:43:40","slug":"violenze-sui-disabili-vada-sabatia-sospende-gli-arrestati-regione-e-asl-fatti-gravissimi","status":"publish","type":"post","link":"https:\/\/staging.ivg.it\/2014\/04\/violenze-sui-disabili-vada-sabatia-sospende-gli-arrestati-regione-e-asl-fatti-gravissimi\/","title":{"rendered":"Violenze sui disabili, Vada Sabatia sospende gli arrestati. Regione e Asl 2: &#8220;Fatti gravissimi&#8221;"},"content":{"rendered":"<p><strong>Vado L.<\/strong> \u201cLa situazione che si \u00e8 venuta a creare nella struttura di Vada Sabatia a Vado Ligure \u00e8 gravissima. I maltrattamenti perpetrati a danni di ragazzi disabili sono intollerabili. Per questo dopo quanto avvenuto valuteremo tutte le misure e le sanzioni da adottare alla luce delle responsabilit\u00e0 dirette degli operatori e di chi ha compiti di direzione della struttura, in primo luogo il rinnovo dell\u2019accreditamento in corso sar\u00e0 sospeso per una piena valutazione dell\u2019accaduto\u201d. Lo dicono gli assessori alla salute e al welfare della Regione Liguria, Claudio Montaldo e Lorena Rambaudi dopo aver appreso la notizia degli arresti di 12 operatori socio-sanitari che lavoravano nella struttura di Vado Ligure. <\/p>\n<p>\u201cLa Asl 2 Savonese \u2013 hanno detto i due assessori \u2013 \u00e8 in contatto con la magistratura e sulla base di quanto emerger\u00e0 verranno adottate misure decise, perch\u00e9 quanto fatto contro dei ragazzi disabili, oltre a lasciare sgomenti, ci deve indurre ad una reazione forte\u201d. <\/p>\n<p>Nel primo pomeriggio il direttore generale della Asl 2 Flavio Neirotti ha visitato la struttura vedese e svolto un incontro con i responsabili del centro: ora si attende l&#8217;evoluzione giudiziaria della vicenda.<\/p>\n<p>La direzione di Vada Sabatia, attonita e costernata in merito alle notizie ed al video apparsi su casi di maltrattamento nei confronti di alcuni ospiti disabili del nucleo 3D, dichiara di &#8220;essersi attivata immediatamente per garantire la continuit\u00e0 del servizio di assistenza ai ragazzi disabili che paiono sereni e tranquilli&#8221;.<\/p>\n<p>&#8220;Gli operatori tutti in possesso di adeguato titolo professionale (educatori e OSS), coinvolti nelle indagini sono sospesi cautelativamente dal servizio in attesa degli accertamenti sulle loro responsabilit\u00e0 e che la societ\u00e0 ha sempre garantito formazione continua alla professione&#8221;.<\/p>\n<p>&#8220;C&#8217;\u00e8 stata massima collaborazione con la Guardia di Finanza e siamo a completa disposizione degli organi inquirenti per l\u2019approfondimento della vicenda. Come Vada Sabatia saremo parte civile nel procedimento in corso&#8221; conclude la direzione di Vada Sabatia.<\/p>\n","protected":false},"excerpt":{"rendered":"<p>Vado L. \u201cLa situazione che si \u00e8 venuta a creare nella struttura di Vada Sabatia a Vado Ligure \u00e8 gravissima. I maltrattamenti perpetrati a danni di ragazzi disabili sono intollerabili. Per questo dopo quanto avvenuto valuteremo tutte le misure e le sanzioni da adottare alla luce delle responsabilit\u00e0 dirette degli operatori e di chi ha [&hellip;]<\/p>\n","protected":false},"author":13744,"featured_media":0,"comment_status":"open","ping_status":"closed","sticky":false,"template":"","format":"standard","meta":{"footnotes":""},"categories":[34],"tags":[292,732,53354,295,3939,261,3849],"class_list":["post-261970","post","type-post","status-publish","format-standard","hentry","category-cronaca","tag-asl-2","tag-disabili","tag-maltrattamenti-vada-sabatia","tag-regione","tag-vada-sabatia","tag-vado","tag-violenze","post_cat_citta-andora","post_cat_citta-vado-ligure"],"amp_validity":null,"amp_enabled":true,"_links":{"self":[{"href":"https:\/\/staging.ivg.it\/ediapi\/wp\/v2\/posts\/261970","targetHints":{"allow":["GET"]}}],"collection":[{"href":"https:\/\/staging.ivg.it\/ediapi\/wp\/v2\/posts"}],"about":[{"href":"https:\/\/staging.ivg.it\/ediapi\/wp\/v2\/types\/post"}],"author":[{"embeddable":true,"href":"https:\/\/staging.ivg.it\/ediapi\/wp\/v2\/users\/13744"}],"replies":[{"embeddable":true,"href":"https:\/\/staging.ivg.it\/ediapi\/wp\/v2\/comments?post=261970"}],"version-history":[{"count":0,"href":"https:\/\/staging.ivg.it\/ediapi\/wp\/v2\/posts\/261970\/revisions"}],"wp:attachment":[{"href":"https:\/\/staging.ivg.it\/ediapi\/wp\/v2\/media?parent=261970"}],"wp:term":[{"taxonomy":"category","embeddable":true,"href":"https:\/\/staging.ivg.it\/ediapi\/wp\/v2\/categories?post=261970"},{"taxonomy":"post_tag","embeddable":true,"href":"https:\/\/staging.ivg.it\/ediapi\/wp\/v2\/tags?post=261970"}],"curies":[{"name":"wp","href":"https:\/\/api.w.org\/{rel}","templated":true}]}}