{"id":261828,"date":"2014-04-09T22:26:41","date_gmt":"2014-04-09T20:26:41","guid":{"rendered":"http:\/\/www.ivg.it\/?p=261828"},"modified":"2014-04-10T09:26:06","modified_gmt":"2014-04-10T07:26:06","slug":"savona-calcio-ninni-corda-e-mattu-cattedra-con-gli-arbitri-anche-noi-abbiamo-imparato-cose-nuove","status":"publish","type":"post","link":"https:\/\/staging.ivg.it\/2014\/04\/savona-calcio-ninni-corda-e-mattu-cattedra-con-gli-arbitri-anche-noi-abbiamo-imparato-cose-nuove\/","title":{"rendered":"Savona calcio, Ninni Corda e Mattu in cattedra con gli arbitri: &#8220;Anche noi abbiamo imparato cose nuove&#8221;"},"content":{"rendered":"<p><strong>Savona.<\/strong> Ma chi ha detto che i mister Ninni Corda e Giovanni Mattu non hanno un buon rapporto con gli arbitri?<\/p>\n<p>Nella riunione\u00a0tecnica di luned\u00ec\u00a0scorso\u00a0la coppia di allenatori\u00a0del Savona Fbc ha incontrato i direttori di gara della provincia\u00a0presso la sezione Aia di Savona, in via Famagosta, dove hanno trascorso un\u2019ora e mezza, discutendo\u00a0e confrontandosi.<\/p>\n<p>Corda ha ripercorso la sua carriera da allenatore, sottolineando i cambiamenti dell\u2019arbitraggio negli anni e l\u2019evoluzione del gioco del calcio, che ha portato anche con s\u00e9 nuove esigenze e nuove attenzioni per i direttori di gara. Insieme a Mattu e al presidente degli arbitri savonesi Fabio Muratore, la riunione ha fornito occasioni di confronto e spunti di crescita agli associati, oltre a consentire nuove chiavi\u00a0di lettura del mondo arbitrale agli allenatori del Savona.<\/p>\n<p>Molto spazio \u00e8 stato dedicato alle problematiche educative legate al calcio giovanile, nel quale Corda \u00e8 stato impegnato a Cagliari per diversi anni: questo \u00e8 il fronte principale di attivit\u00e0 degli arbitri presenti e l\u2019esperienza degli ospiti ha consentito di trattare l\u2019argomento con la possibilit\u00e0 di ricevere suggerimenti e opinioni da parte di chi ha lavorato a lungo in quel sistema.<\/p>\n<p>&#8220;Vorremmo ringraziare\u00a0tutta la sezione AIA di Savona, con in testa in presidente\u00a0Fabio Muratore\u00a0&#8211; affermano i\u00a0mister Ninni Corda e Giovanni Mattu\u00a0-. E&#8217; stato un incontro simpatico e costruttivo, in cui abbiamo fornito ai direttori di gara savonesi\u00a0la nostra esperienza, ma abbiamo anche e soprattutto capito e\u00a0imparato noi cose nuove&#8221;.<\/p>\n","protected":false},"excerpt":{"rendered":"<p>Savona. Ma chi ha detto che i mister Ninni Corda e Giovanni Mattu non hanno un buon rapporto con gli arbitri? Nella riunione\u00a0tecnica di luned\u00ec\u00a0scorso\u00a0la coppia di allenatori\u00a0del Savona Fbc ha incontrato i direttori di gara della provincia\u00a0presso la sezione Aia di Savona, in via Famagosta, dove hanno trascorso un\u2019ora e mezza, discutendo\u00a0e confrontandosi. Corda [&hellip;]<\/p>\n","protected":false},"author":13744,"featured_media":0,"comment_status":"open","ping_status":"closed","sticky":false,"template":"","format":"standard","meta":{"footnotes":""},"categories":[1578],"tags":[535,48997,33932,86042],"class_list":["post-261828","post","type-post","status-publish","format-standard","hentry","category-savona-calcio","tag-arbitri","tag-giovanni-mattu","tag-ninni-corda","tag-savona-calcio","post_cat_citta-savona"],"amp_validity":null,"amp_enabled":true,"_links":{"self":[{"href":"https:\/\/staging.ivg.it\/ediapi\/wp\/v2\/posts\/261828","targetHints":{"allow":["GET"]}}],"collection":[{"href":"https:\/\/staging.ivg.it\/ediapi\/wp\/v2\/posts"}],"about":[{"href":"https:\/\/staging.ivg.it\/ediapi\/wp\/v2\/types\/post"}],"author":[{"embeddable":true,"href":"https:\/\/staging.ivg.it\/ediapi\/wp\/v2\/users\/13744"}],"replies":[{"embeddable":true,"href":"https:\/\/staging.ivg.it\/ediapi\/wp\/v2\/comments?post=261828"}],"version-history":[{"count":0,"href":"https:\/\/staging.ivg.it\/ediapi\/wp\/v2\/posts\/261828\/revisions"}],"wp:attachment":[{"href":"https:\/\/staging.ivg.it\/ediapi\/wp\/v2\/media?parent=261828"}],"wp:term":[{"taxonomy":"category","embeddable":true,"href":"https:\/\/staging.ivg.it\/ediapi\/wp\/v2\/categories?post=261828"},{"taxonomy":"post_tag","embeddable":true,"href":"https:\/\/staging.ivg.it\/ediapi\/wp\/v2\/tags?post=261828"}],"curies":[{"name":"wp","href":"https:\/\/api.w.org\/{rel}","templated":true}]}}