{"id":261751,"date":"2014-04-08T19:45:17","date_gmt":"2014-04-08T17:45:17","guid":{"rendered":"http:\/\/www.ivg.it\/?p=261751"},"modified":"2014-04-08T19:49:44","modified_gmt":"2014-04-08T17:49:44","slug":"toirano-il-sindaco-tabo-rispedisce-le-critiche-al-mittente-parole-puerili-e-fini-se-stesse","status":"publish","type":"post","link":"https:\/\/staging.ivg.it\/2014\/04\/toirano-il-sindaco-tabo-rispedisce-le-critiche-al-mittente-parole-puerili-e-fini-se-stesse\/","title":{"rendered":"Toirano, il sindaco Tab\u00f2 rispedisce le critiche al mittente: &#8220;Parole puerili e fini a s\u00e9 stesse&#8221;"},"content":{"rendered":"<p><strong>Toirano<\/strong>. Silvano Tab\u00f2, sindaco di Toirano, vuole chiarire alcuni punti a seguito della nota inviata dalla minoranza inerente al Consiglio comunale di questa sera: &#8220;Mi preme fare alcune considerazioni. In primo luogo, relativamente all&#8217;affermazione che &#8217;10 proposte su 13 attengono a varianti al Prg&#8217;, duole purtroppo constatare come dopo 5 anni di consiglio a qualcuno ancora non sia chiaro cosa significhi variante al Prg&#8221;. <\/p>\n<p>&#8220;Nello specifico si tratta per la maggior parte di pratiche gi\u00e0 passate in Consigli passati, per le quali questa sera delibereremo ad esempio su una presa d&#8217;atto di mancata presentazione di osservazioni, su acquisizione di parere della Regione Liguria in materia di valutazione ambientale con recepimento delle relative prescrizioni assegnate e su una modifica alla convenzione attuativa gi\u00e0 deliberata mesi fa&#8221;. <\/p>\n<p>E continua: &#8220;Per quanto riguarda il progetto per l&#8217;Istituto Medico Pedagogico, tutti sanno che \u00e8 un&#8217;operazione a cui lavoriamo ormai  da anni  e che solo la lentezza della burocrazia italiana non ci ha permesso di poterla concretizzare prima. Siccome Asl e Regione hanno deciso di mettere all&#8217;asta il bene questa sera delibereremo in Consiglio il programma per l&#8217;eventuale acquisto e l&#8217;Accordo di Programma per poter esercitare un diritto di prelazione da parte del Comune allo stesso prezzo proposto dal miglior offerente, con in pi\u00f9 l&#8217;opzione, in caso di asta deserta, di trattativa diretta con l&#8217;Asl per l&#8217;acquisto. Si tratta dunque di un&#8217;opportunit\u00e0 che non potevamo lasciarci scappare, con il rischio di dover rinunciare all&#8217;acquisto,  fermo restando che se la futura amministrazione decidesse di non procedere sarebbe tranquillamente libera di farlo, anche se io penso che sarebbe un errore gravissimo&#8221;. <\/p>\n<p>Ancora il sindaco Tab\u00f2: &#8220;Per la variante &#8216;vera&#8217;, quella inerente l&#8217;Area camper, cos\u00ec come per l&#8217;operazione  relativa al centro commerciale,( anche in questo caso gi\u00e0 deliberata in Consiglio), si \u00e8 deciso di procedere perch\u00e9 trattasi in entrambi i casi di attivit\u00e0 produttive, che porteranno lavoro per chi dovr\u00e0 realizzarle e posti di lavoro per molte persone che oggi il lavoro non lo hanno e che in questi tempi di crisi fanno fatica ad arrivare alla fine del mese&#8221;. <\/p>\n<p>&#8220;Con le elezioni il 25 maggio, probabilmente il primo consiglio utile per discutere queste pratiche non si sarebbe potuto tenere ragionevolmente prima della fine di giugno, rimandando cos\u00ec forse a dopo l&#8217;estate la realizzazione dei lavori e di conseguenza i tempi per concretizzare quello  di cui parlavo prima: non ci \u00e8 sembrato giusto far perdere a queste persone questa possibilit\u00e0&#8221;.<\/p>\n<p>E aggiunge: &#8220;Credo quindi che tutto quello che abbiamo programmato per questo consiglio sia assolutamente nell&#8217;interesse del nostro comune, e non entro in polemica riguardo le accuse sulla disperata ricerca del consenso: purtroppo la campagna elettorale \u00e8 ormai cominciata, e si preannuncia nuovamente come la scorsa volta, lunga e infuocata&#8221;. <\/p>\n<p>&#8220;Auspico invece che i toni si mantengano nei limiti della correttezza e della seriet\u00e0, anteponendo il bene per Toirano e la presentazione di programmi innovativi ai cittadini a puerili dichiarazioni che sono fini a se stesse e non spostano assolutamente in alcun modo il consenso elettorale dall&#8217;una o dall&#8217;altra parte&#8221; conclude il primo cittadino di Toirano. <\/p>\n","protected":false},"excerpt":{"rendered":"<p>Toirano. Silvano Tab\u00f2, sindaco di Toirano, vuole chiarire alcuni punti a seguito della nota inviata dalla minoranza inerente al Consiglio comunale di questa sera: &#8220;Mi preme fare alcune considerazioni. In primo luogo, relativamente all&#8217;affermazione che &#8217;10 proposte su 13 attengono a varianti al Prg&#8217;, duole purtroppo constatare come dopo 5 anni di consiglio a qualcuno [&hellip;]<\/p>\n","protected":false},"author":13744,"featured_media":0,"comment_status":"open","ping_status":"closed","sticky":false,"template":"","format":"standard","meta":{"footnotes":""},"categories":[31],"tags":[3520,85952],"class_list":["post-261751","post","type-post","status-publish","format-standard","hentry","category-politica","tag-silvano-tabo","tag-toirano"],"amp_validity":null,"amp_enabled":true,"_links":{"self":[{"href":"https:\/\/staging.ivg.it\/ediapi\/wp\/v2\/posts\/261751","targetHints":{"allow":["GET"]}}],"collection":[{"href":"https:\/\/staging.ivg.it\/ediapi\/wp\/v2\/posts"}],"about":[{"href":"https:\/\/staging.ivg.it\/ediapi\/wp\/v2\/types\/post"}],"author":[{"embeddable":true,"href":"https:\/\/staging.ivg.it\/ediapi\/wp\/v2\/users\/13744"}],"replies":[{"embeddable":true,"href":"https:\/\/staging.ivg.it\/ediapi\/wp\/v2\/comments?post=261751"}],"version-history":[{"count":0,"href":"https:\/\/staging.ivg.it\/ediapi\/wp\/v2\/posts\/261751\/revisions"}],"wp:attachment":[{"href":"https:\/\/staging.ivg.it\/ediapi\/wp\/v2\/media?parent=261751"}],"wp:term":[{"taxonomy":"category","embeddable":true,"href":"https:\/\/staging.ivg.it\/ediapi\/wp\/v2\/categories?post=261751"},{"taxonomy":"post_tag","embeddable":true,"href":"https:\/\/staging.ivg.it\/ediapi\/wp\/v2\/tags?post=261751"}],"curies":[{"name":"wp","href":"https:\/\/api.w.org\/{rel}","templated":true}]}}