{"id":261743,"date":"2014-04-08T18:02:48","date_gmt":"2014-04-08T16:02:48","guid":{"rendered":"http:\/\/www.ivg.it\/?p=261743"},"modified":"2014-04-08T20:04:09","modified_gmt":"2014-04-08T18:04:09","slug":"savona-libero-comune-cerimonia-e-corteo-dellassociazione-campanassa","status":"publish","type":"post","link":"https:\/\/staging.ivg.it\/2014\/04\/savona-libero-comune-cerimonia-e-corteo-dellassociazione-campanassa\/","title":{"rendered":"&#8220;Savona Libero Comune&#8221;: cerimonia e corteo dell&#8217;associazione &#8220;A Campanassa&#8221;"},"content":{"rendered":"<p><strong>Savona.<\/strong> Gioved\u00ec 10 aprile si celebra l&#8217; 823\u00b0 anniversario di &#8220;Savona Libero Comune&#8221;, organizzato dall&#8217;associazione &#8220;A Campanassa&#8221; e dal Comune di Savona. Il programma prevede il raduno alle ore 17:00 in piazza del Brandale. Alle ore 17:30 ci sar\u00e0 la partenza del corteo in costumi d&#8217;epoca e sfilata lungo le vie del centro storico medievale al suono dei rintocchi della Campanassa. <\/p>\n<p>Alle ore 18 il corteo torner\u00e0 in Piazza del Brandale dove si terr\u00e0 la lettura dell&#8217;Editto con il quale il Marchese Ottone Del Carretto vendette le terre savonesi al Podest\u00e0 rendendo di fatto &#8220;Savona Libero Comune&#8221;. Nell&#8217;occasione all&#8217;interno del complesso del Brandale, nella Sala della Presidenza e di Rappresentanza ci sar\u00e0 l&#8217;inaugurazione del pannello in ceramica &#8220;La misericordia&#8221; dell&#8217;artista savonese Delia Zucchi, che andr\u00e0 ad affiancare le opere gi\u00e0 presenti di Agenore Fabbri e di Franca Briatore. <\/p>\n<p>Afferma il Presidente della Campanassa Carlo Cerva: &#8220;Si tratta di una piccola serie di ceramiche importanti, una sorta di collezione che vogliamo costruire nel tempo per rendere il Brandale sempre pi\u00f9 fulcro di cultura, arte e storia, essendo gi\u00e0 ricco di opere di vari artisti savonesi e non, a partire dalla donazione di Giovanni Tinti dello scorso anno&#8221;.  <\/p>\n","protected":false},"excerpt":{"rendered":"<p>Savona. Gioved\u00ec 10 aprile si celebra l&#8217; 823\u00b0 anniversario di &#8220;Savona Libero Comune&#8221;, organizzato dall&#8217;associazione &#8220;A Campanassa&#8221; e dal Comune di Savona. Il programma prevede il raduno alle ore 17:00 in piazza del Brandale. Alle ore 17:30 ci sar\u00e0 la partenza del corteo in costumi d&#8217;epoca e sfilata lungo le vie del centro storico medievale [&hellip;]<\/p>\n","protected":false},"author":13744,"featured_media":0,"comment_status":"open","ping_status":"closed","sticky":false,"template":"","format":"standard","meta":{"footnotes":""},"categories":[],"tags":[13296,3204,85850],"class_list":["post-261743","post","type-post","status-publish","format-standard","hentry","tag-campanassa","tag-comune-savona","tag-savona"],"amp_validity":null,"amp_enabled":true,"_links":{"self":[{"href":"https:\/\/staging.ivg.it\/ediapi\/wp\/v2\/posts\/261743","targetHints":{"allow":["GET"]}}],"collection":[{"href":"https:\/\/staging.ivg.it\/ediapi\/wp\/v2\/posts"}],"about":[{"href":"https:\/\/staging.ivg.it\/ediapi\/wp\/v2\/types\/post"}],"author":[{"embeddable":true,"href":"https:\/\/staging.ivg.it\/ediapi\/wp\/v2\/users\/13744"}],"replies":[{"embeddable":true,"href":"https:\/\/staging.ivg.it\/ediapi\/wp\/v2\/comments?post=261743"}],"version-history":[{"count":0,"href":"https:\/\/staging.ivg.it\/ediapi\/wp\/v2\/posts\/261743\/revisions"}],"wp:attachment":[{"href":"https:\/\/staging.ivg.it\/ediapi\/wp\/v2\/media?parent=261743"}],"wp:term":[{"taxonomy":"category","embeddable":true,"href":"https:\/\/staging.ivg.it\/ediapi\/wp\/v2\/categories?post=261743"},{"taxonomy":"post_tag","embeddable":true,"href":"https:\/\/staging.ivg.it\/ediapi\/wp\/v2\/tags?post=261743"}],"curies":[{"name":"wp","href":"https:\/\/api.w.org\/{rel}","templated":true}]}}