{"id":261733,"date":"2014-04-08T15:59:02","date_gmt":"2014-04-08T13:59:02","guid":{"rendered":"http:\/\/www.ivg.it\/?p=261733"},"modified":"2014-04-08T15:59:02","modified_gmt":"2014-04-08T13:59:02","slug":"bardineto-accusato-di-aver-minacciato-lex-amico-con-una-scure-assolto","status":"publish","type":"post","link":"https:\/\/staging.ivg.it\/2014\/04\/bardineto-accusato-di-aver-minacciato-lex-amico-con-una-scure-assolto\/","title":{"rendered":"Bardineto, accusato di aver minacciato l&#8217;ex amico con una scure: assolto"},"content":{"rendered":"<p><strong>Bardineto<\/strong>. &#8220;Vai via, sei nel mio terreno&#8221;. Per aver pronunciato questa frase armato (secondo l&#8217;accusa) di una scure che avrebbe avvicinato al collo di un rivale, un sessantaseienne, S.F., era finito a giudizio per minacce. Questa mattina, in tribunale, l&#8217;uomo \u00e8 stato per\u00f2 assolto da ogni accusa perch\u00e9 il fatto non sussiste.<\/p>\n<p>Durante il dibattimento non \u00e8 emersa alcuna certezza che l&#8217;imputato stesse effettivamente brandendo una scure. Secondo quanto ricostruito in aula, una volta i due uomini erano amici, ma poi avevano avuto delle incomprensioni a causa delle quali avevano smesso di frequentarsi. Il 12 settembre del 2010 i due si sarebbero per\u00f2 incontrati a Bardineto, nel terreno di S.F., che avrebbe invitato l&#8217;ex amico ad andarsene. Quest&#8217;ultimo, G.D., aveva per\u00f2 denunciato di essere stato gravemente minacciato. Una ricostruzione che era sempre stata smentita dall&#8217;imputato. Nel processo \u00e8 stata anche sentita una testimone che ha spiegato di non aver visto S.F. con in mano l&#8217;arma.<\/p>\n","protected":false},"excerpt":{"rendered":"<p>Bardineto. &#8220;Vai via, sei nel mio terreno&#8221;. Per aver pronunciato questa frase armato (secondo l&#8217;accusa) di una scure che avrebbe avvicinato al collo di un rivale, un sessantaseienne, S.F., era finito a giudizio per minacce. Questa mattina, in tribunale, l&#8217;uomo \u00e8 stato per\u00f2 assolto da ogni accusa perch\u00e9 il fatto non sussiste. Durante il dibattimento [&hellip;]<\/p>\n","protected":false},"author":2394,"featured_media":0,"comment_status":"open","ping_status":"closed","sticky":false,"template":"","format":"standard","meta":{"footnotes":""},"categories":[34],"tags":[2299,85878,11603],"class_list":["post-261733","post","type-post","status-publish","format-standard","hentry","category-cronaca","tag-assoluzione","tag-bardineto","tag-minaccia","post_cat_citta-bardineto"],"amp_validity":null,"amp_enabled":true,"_links":{"self":[{"href":"https:\/\/staging.ivg.it\/ediapi\/wp\/v2\/posts\/261733","targetHints":{"allow":["GET"]}}],"collection":[{"href":"https:\/\/staging.ivg.it\/ediapi\/wp\/v2\/posts"}],"about":[{"href":"https:\/\/staging.ivg.it\/ediapi\/wp\/v2\/types\/post"}],"author":[{"embeddable":true,"href":"https:\/\/staging.ivg.it\/ediapi\/wp\/v2\/users\/2394"}],"replies":[{"embeddable":true,"href":"https:\/\/staging.ivg.it\/ediapi\/wp\/v2\/comments?post=261733"}],"version-history":[{"count":0,"href":"https:\/\/staging.ivg.it\/ediapi\/wp\/v2\/posts\/261733\/revisions"}],"wp:attachment":[{"href":"https:\/\/staging.ivg.it\/ediapi\/wp\/v2\/media?parent=261733"}],"wp:term":[{"taxonomy":"category","embeddable":true,"href":"https:\/\/staging.ivg.it\/ediapi\/wp\/v2\/categories?post=261733"},{"taxonomy":"post_tag","embeddable":true,"href":"https:\/\/staging.ivg.it\/ediapi\/wp\/v2\/tags?post=261733"}],"curies":[{"name":"wp","href":"https:\/\/api.w.org\/{rel}","templated":true}]}}