{"id":261731,"date":"2014-04-08T15:47:46","date_gmt":"2014-04-08T13:47:46","guid":{"rendered":"http:\/\/www.ivg.it\/?p=261731"},"modified":"2014-04-09T08:28:41","modified_gmt":"2014-04-09T06:28:41","slug":"elezioni-finale-gli-assi-nella-manica-di-frascherelli-ufficializzati-gli-ultimi-due-candidati","status":"publish","type":"post","link":"https:\/\/staging.ivg.it\/2014\/04\/elezioni-finale-gli-assi-nella-manica-di-frascherelli-ufficializzati-gli-ultimi-due-candidati\/","title":{"rendered":"Elezioni Finale, gli assi nella manica di Frascherelli: ufficializzati gli ultimi due candidati"},"content":{"rendered":"<p><strong>Finale L.<\/strong> La lista civica di Ugo Frascherelli ufficializza gli ultimi due candidati ed ora si prepara alla campagna elettorale dopo la presentazione di domenica scorsa ai bagni &#8220;Boncardo&#8221; in una sala gremita di finalesi curiosi e pieni di aspettativa.<\/p>\n<p>Si tratta di Massimo Rescigno, a Finale Ligure noto a tutti come &#8220;Mammo&#8221;, 49 anni commerciante e ristoratore, e di Carlo Mamberto (Carletto), 36 anni imprenditore nel settore turistico, vera icona dell&#8217;outdoor non solo finalese ma internazionale.<\/p>\n<p>&#8220;Queste ultime candidature vogliono dare un forte segnale ai nostri concittadini. Mammo e Carletto sono finalesi doc, amati e conosciuti da tutto il paese, espressione di voglia di rivalsa di una citt\u00e0 che torner\u00e0 ad essere grande. Un forte segnale che la mia squadra vuole dare ai propri concittadini&#8221;. Cos\u00ec il candidato sindaco Ugo Frascherelli, orgoglioso nel presentare gli ultimi suoi candidati. <\/p>\n<p>&#8220;Saranno due mesi ricchi di incontri con associazioni, categorie e cittadinanza. Conquisteremo la fiducia dei finalesi con soluzioni realizzabili e concrete per garantire un futuro a Finale Ligure. Vi aspettiamo sabato 12 aprile alle ore 18.30 in via Porro a Final Pia all&#8217;inaugurazione del nostro secondo punto elettorale. Insieme possiamo&#8221;. <\/p>\n","protected":false},"excerpt":{"rendered":"<p>Finale L. La lista civica di Ugo Frascherelli ufficializza gli ultimi due candidati ed ora si prepara alla campagna elettorale dopo la presentazione di domenica scorsa ai bagni &#8220;Boncardo&#8221; in una sala gremita di finalesi curiosi e pieni di aspettativa. Si tratta di Massimo Rescigno, a Finale Ligure noto a tutti come &#8220;Mammo&#8221;, 49 anni [&hellip;]<\/p>\n","protected":false},"author":13744,"featured_media":0,"comment_status":"open","ping_status":"closed","sticky":false,"template":"","format":"standard","meta":{"footnotes":""},"categories":[31],"tags":[51617,209,51686],"class_list":["post-261731","post","type-post","status-publish","format-standard","hentry","category-politica","tag-elezioni-finale","tag-finale","tag-ugo-frascherelli","post_cat_citta-finale-ligure"],"amp_validity":null,"amp_enabled":true,"_links":{"self":[{"href":"https:\/\/staging.ivg.it\/ediapi\/wp\/v2\/posts\/261731","targetHints":{"allow":["GET"]}}],"collection":[{"href":"https:\/\/staging.ivg.it\/ediapi\/wp\/v2\/posts"}],"about":[{"href":"https:\/\/staging.ivg.it\/ediapi\/wp\/v2\/types\/post"}],"author":[{"embeddable":true,"href":"https:\/\/staging.ivg.it\/ediapi\/wp\/v2\/users\/13744"}],"replies":[{"embeddable":true,"href":"https:\/\/staging.ivg.it\/ediapi\/wp\/v2\/comments?post=261731"}],"version-history":[{"count":0,"href":"https:\/\/staging.ivg.it\/ediapi\/wp\/v2\/posts\/261731\/revisions"}],"wp:attachment":[{"href":"https:\/\/staging.ivg.it\/ediapi\/wp\/v2\/media?parent=261731"}],"wp:term":[{"taxonomy":"category","embeddable":true,"href":"https:\/\/staging.ivg.it\/ediapi\/wp\/v2\/categories?post=261731"},{"taxonomy":"post_tag","embeddable":true,"href":"https:\/\/staging.ivg.it\/ediapi\/wp\/v2\/tags?post=261731"}],"curies":[{"name":"wp","href":"https:\/\/api.w.org\/{rel}","templated":true}]}}