{"id":261161,"date":"2014-03-31T20:06:55","date_gmt":"2014-03-31T18:06:55","guid":{"rendered":"http:\/\/www.ivg.it\/?p=261161"},"modified":"2014-03-31T20:06:55","modified_gmt":"2014-03-31T18:06:55","slug":"tirreno-power-verdi-rispondono-alla-rsu-di-civitavecchia-anche-le-rinnovabili-danno-lavoro","status":"publish","type":"post","link":"https:\/\/staging.ivg.it\/2014\/03\/tirreno-power-verdi-rispondono-alla-rsu-di-civitavecchia-anche-le-rinnovabili-danno-lavoro\/","title":{"rendered":"Tirreno Power, i Verdi rispondono alla Rsu di Civitavecchia: &#8220;Anche le rinnovabili danno lavoro&#8221;"},"content":{"rendered":"<p><strong>Vado Ligure.<\/strong> Non si \u00e8 fatta attendere la risposta dei Verdi alle dichiarazioni rilasciate, la settimana scorsa, dal rappresentante della Rsu della centrale a carbone di Civitavecchia che era intervenuto nell&#8217;assemblea dei lavoratori Tirreno Power per manifestare solidariet\u00e0.<\/p>\n<p>Il rappresentante della Rsu di Torrevaldaliga Sud aveva parlato della necessit\u00e0 di una seria politica energetica italiana: &#8220;Il discorso coinvolge il carbone, il gas, le rinnovabili e dev&#8217;essere un circuito in cui tutti fanno la propria parte nel modo giusto e corretto per dare a tutti la possibilit\u00e0 di lavoro&#8221;.<\/p>\n<p>&#8220;Condividiamo in pieno le valutazioni relative al fatto che l&#8217;Italia non ha un serio piano per l&#8217;energia &#8211; rispondono i Verdi &#8211; ma &#8216;fare la propria parte nel modo giusto&#8217; secondo noi non vuol dire valutare nello stesso modo tutte le fonti di energia. Il 7% della popolazione mondiale, infatti, \u00e8 responsabile del 50% delle emissioni di CO2 provenienti da combustibili fossili, causa principale del riscaldamento globale&#8221;.<\/p>\n<p>E&#8217; stato pubblicato oggi il rapporto IPCC (Intergovernamental Panel on Climate Change) dell&#8217;ONU sul riscaldamento globale. &#8220;Questo rapporto \u00e8 il risultato del lavoro di 1700 esperti provenienti da tutto il mondo: scienziati di varie discipline, climatologi, biologi, agronomi, demografi &#8211; dicono i Verdi &#8211; e sostiene, in sintesi, che gGli eventi meteorologici estremi metterebbero a serio rischio la biodiversit\u00e0 di piante e animali; porterebbero alla brusca riduzione dei raccolti agricoli e all&#8217;evoluzione di malattie, con conseguenti spostamenti di popolazioni e conflitti&#8221;.<\/p>\n<p>&#8220;Gli ambientalisti continuano a ripetere come sia necessario un modello di sviluppo diverso dall&#8217;attuale, e vengono criticati come coloro che vogliono causare disoccupazione bloccando lo sviluppo &#8211; lamentano i Verdi &#8211; Invece, proprio al contrario, uno sviluppo dell&#8217;economia &#8216;verde&#8217; significherebbe nuova forza lavoro per progettazione e manutenzione di impianti fotovoltaici o &#8216;solari-termodinamici&#8217;, tecnici per il ciclo dei rifiuti e per le bonifiche ambientali, tecnici per realizzare concretamente il risparmio energetico degli edifici, attivando il comparto edile&#8221;.<\/p>\n<p>&#8220;Nei paesi dove \u00e8 gi\u00e0 avviata, la &#8216;Green Economy&#8217; d\u00e0 anche lavoro nei settori di recupero<br \/>\ndell&#8217;energia da biomasse, dal geotermico, dall&#8217;eolico eco-compatibile, con impianti ridotti che non deturpano il paesaggio. Il Italia, secondo un rapporto di Legambiente, gi\u00e0 825 comuni, grazie e fonti di energia rinnovabile, producono pi\u00f9 energia di quanta ne consumino i residenti. E 6801 son quelli complessivamente gi\u00e0 dotati di impianti per il recupero di energia solare&#8221;, concludono i Verdi.<\/p>\n","protected":false},"excerpt":{"rendered":"<p>Vado Ligure. Non si \u00e8 fatta attendere la risposta dei Verdi alle dichiarazioni rilasciate, la settimana scorsa, dal rappresentante della Rsu della centrale a carbone di Civitavecchia che era intervenuto nell&#8217;assemblea dei lavoratori Tirreno Power per manifestare solidariet\u00e0. Il rappresentante della Rsu di Torrevaldaliga Sud aveva parlato della necessit\u00e0 di una seria politica energetica italiana: [&hellip;]<\/p>\n","protected":false},"author":13744,"featured_media":0,"comment_status":"open","ping_status":"closed","sticky":false,"template":"","format":"standard","meta":{"footnotes":""},"categories":[],"tags":[2683,16616,3931,499],"class_list":["post-261161","post","type-post","status-publish","format-standard","hentry","tag-energie-rinnovabili","tag-green-economy","tag-tirreno-power","tag-verdi","post_cat_citta-vado-ligure"],"amp_validity":null,"amp_enabled":true,"_links":{"self":[{"href":"https:\/\/staging.ivg.it\/ediapi\/wp\/v2\/posts\/261161","targetHints":{"allow":["GET"]}}],"collection":[{"href":"https:\/\/staging.ivg.it\/ediapi\/wp\/v2\/posts"}],"about":[{"href":"https:\/\/staging.ivg.it\/ediapi\/wp\/v2\/types\/post"}],"author":[{"embeddable":true,"href":"https:\/\/staging.ivg.it\/ediapi\/wp\/v2\/users\/13744"}],"replies":[{"embeddable":true,"href":"https:\/\/staging.ivg.it\/ediapi\/wp\/v2\/comments?post=261161"}],"version-history":[{"count":0,"href":"https:\/\/staging.ivg.it\/ediapi\/wp\/v2\/posts\/261161\/revisions"}],"wp:attachment":[{"href":"https:\/\/staging.ivg.it\/ediapi\/wp\/v2\/media?parent=261161"}],"wp:term":[{"taxonomy":"category","embeddable":true,"href":"https:\/\/staging.ivg.it\/ediapi\/wp\/v2\/categories?post=261161"},{"taxonomy":"post_tag","embeddable":true,"href":"https:\/\/staging.ivg.it\/ediapi\/wp\/v2\/tags?post=261161"}],"curies":[{"name":"wp","href":"https:\/\/api.w.org\/{rel}","templated":true}]}}