{"id":261125,"date":"2014-03-31T13:23:04","date_gmt":"2014-03-31T11:23:04","guid":{"rendered":"http:\/\/www.ivg.it\/?p=261125"},"modified":"2014-03-31T20:14:22","modified_gmt":"2014-03-31T18:14:22","slug":"bike-peace-passa-da-albenga","status":"publish","type":"post","link":"https:\/\/staging.ivg.it\/2014\/03\/bike-peace-passa-da-albenga\/","title":{"rendered":"&#8220;Bike for peace&#8221; passa da Albenga"},"content":{"rendered":"<p><strong>Albenga<\/strong>. &#8220;Bike for peace&#8221; arriva ad Albenga. Si tratta di un&#8217;iniziativa internazionale per la pace, da parte del ciclo-attivista norvegese Tore Naerland, ipovedente. L&#8217;obiettivo \u00e8 la messa al bando delle armi nucleari, in accordo con l\u2019azione di &#8220;Mayors for Peace&#8221; e della campagna internazionale &#8220;Ican&#8221;.<\/p>\n<p>L&#8217;iniziativa \u00e8 promossa e rilanciata in Italia da &#8220;Beati i costruttori di pace&#8221; e &#8220;Rete Italiana per il Disarmo&#8221;. Il fondatore, Tore NaerLand, norvegese e quasi completamente cieco, in quasi 30 anni di azione ha girato il mondo in bicicletta (in verit\u00e0, in tandem, con un normovedente alla guida) per promuovere l&#8217;amicizia tra i popoli, i diritti delle persone con disabilit\u00e0, la democrazia e la sostenibilit\u00e0 ambientale.<\/p>\n<p>L&#8217;anno scorso a Hiroshima ha conosciuto l&#8217;associazione &#8220;Mayors for peace&#8221; (presieduta dal Sindaco di Hiroshima), che ha come obiettivo la realizzazione di un mondo libero da armi nucleari. Per questo &#8220;Bike for peace 2014&#8221; ha come principale messaggio l&#8217;abolizione delle armi nucleari.  L\u2019iniziativa ha preso il via a Manchester (Regno Unito) lo scorso 15 marzo con una cerimonia di benvenuto nella sede dell&#8217;amministrazione cittadina; il successivo Luned\u00ec 17 marzo i ciclisti di &#8220;Bike for Peace&#8221; sono stati ricevuti a Londra dalla Camera dei Comuni di Westminster e dal Sindaco Boris Johnson, insieme agli attivisti della Campagna per il disarmo nucleare (Cnd) britannica. <\/p>\n<p>Dal Regno Unito la comitiva \u00e8 passata in Francia, dove il coordinatore dei Parlamentari per la non-proliferazione e il disarmo nucleare ha organizzato per loro un&#8217;iniziativa cin i deputati all&#8217;Assemblea nazionale. Per il resto della settimana in Francia i ciclisti visiteranno molte citt\u00e0, incontrandone i sindaci e le associazioni per la pace, i diritti e il disarmo. Concluderanno la tappa francese il 31 marzo a Nizza.<\/p>\n<p>In tutti questi momenti Tore Naerland ha portato con s\u00e9 una bandiera arcobaleno con la scritta &#8220;Pace&#8221;, in italiano. Anche per prepararsi alle tappe italiane del suo viaggio: il percorso nel nostro paese interesser\u00e0 l&#8217;intera costa Tirrenica dal confine francese fino a Roma. Il primo pernottamento sar\u00e0 ad Albenga. &#8220;Bike for peace&#8221; proseguir\u00e0 poi per Genova, La Spezia, Pisa, Follonica, Montalto di Castro per arrivare infine a Roma nel pomeriggio di luned\u00ec 7 aprile. <\/p>\n<p>Le tappe italiane si concluderanno quindi a Roma con l&#8217;accoglienza in Campidoglio il 7 aprile, con un incontro con le istituzioni italiane previsto per l&#8217;8 aprile ed infine con la partecipazione all&#8217;udienza di Papa Francesco il 9 aprile. <\/p>\n","protected":false},"excerpt":{"rendered":"<p>Albenga. &#8220;Bike for peace&#8221; arriva ad Albenga. Si tratta di un&#8217;iniziativa internazionale per la pace, da parte del ciclo-attivista norvegese Tore Naerland, ipovedente. L&#8217;obiettivo \u00e8 la messa al bando delle armi nucleari, in accordo con l\u2019azione di &#8220;Mayors for Peace&#8221; e della campagna internazionale &#8220;Ican&#8221;. L&#8217;iniziativa \u00e8 promossa e rilanciata in Italia da &#8220;Beati i [&hellip;]<\/p>\n","protected":false},"author":13744,"featured_media":0,"comment_status":"open","ping_status":"closed","sticky":false,"template":"","format":"standard","meta":{"footnotes":""},"categories":[],"tags":[85841],"class_list":["post-261125","post","type-post","status-publish","format-standard","hentry","tag-albenga","post_cat_citta-albenga"],"amp_validity":null,"amp_enabled":true,"_links":{"self":[{"href":"https:\/\/staging.ivg.it\/ediapi\/wp\/v2\/posts\/261125","targetHints":{"allow":["GET"]}}],"collection":[{"href":"https:\/\/staging.ivg.it\/ediapi\/wp\/v2\/posts"}],"about":[{"href":"https:\/\/staging.ivg.it\/ediapi\/wp\/v2\/types\/post"}],"author":[{"embeddable":true,"href":"https:\/\/staging.ivg.it\/ediapi\/wp\/v2\/users\/13744"}],"replies":[{"embeddable":true,"href":"https:\/\/staging.ivg.it\/ediapi\/wp\/v2\/comments?post=261125"}],"version-history":[{"count":0,"href":"https:\/\/staging.ivg.it\/ediapi\/wp\/v2\/posts\/261125\/revisions"}],"wp:attachment":[{"href":"https:\/\/staging.ivg.it\/ediapi\/wp\/v2\/media?parent=261125"}],"wp:term":[{"taxonomy":"category","embeddable":true,"href":"https:\/\/staging.ivg.it\/ediapi\/wp\/v2\/categories?post=261125"},{"taxonomy":"post_tag","embeddable":true,"href":"https:\/\/staging.ivg.it\/ediapi\/wp\/v2\/tags?post=261125"}],"curies":[{"name":"wp","href":"https:\/\/api.w.org\/{rel}","templated":true}]}}