{"id":260812,"date":"2014-03-26T15:51:27","date_gmt":"2014-03-26T14:51:27","guid":{"rendered":"http:\/\/www.ivg.it\/?p=260812"},"modified":"2014-03-27T10:45:28","modified_gmt":"2014-03-27T09:45:28","slug":"crisi-economica-nel-savonese-sindacati-proclamano-lo-stato-di-agitazione","status":"publish","type":"post","link":"https:\/\/staging.ivg.it\/2014\/03\/crisi-economica-nel-savonese-sindacati-proclamano-lo-stato-di-agitazione\/","title":{"rendered":"Crisi economica nel Savonese: i sindacati proclamano lo stato di agitazione"},"content":{"rendered":"<p><strong>Savona<\/strong>. All&#8217;indomani della decisione di Tirreno Power di garantire la cassa integrazione solamente ai lavoratori della centrale e non a quelli dell&#8217;indotto, i sindacati ufficializzano la proclamazione dello stato di agitazione, scrivendo al Prefetto di Savona e alla Commissione di Garanzia per l\u2019attuazione della legge sullo sciopero nei servizi pubblici essenziali.<\/p>\n<p>&#8220;Visto il grave stato di crisi economica e sociale in cui versa il territorio della provincia di Savona; che la situazione sta ormai drammaticamente peggiorando con la chiusura ininterrotta di realt\u00e0 produttive, che aggravano il dato della disoccupazione riferito al nostro territorio; che il Governo, pi\u00f9 volte sollecitato anche dalle istituzioni locali, non ha mai fornito risposte\u00a0nell&#8217;ambito del tavolo di crisi aperto presso il Mise &#8211; scrivono Cgil, Cisl e Uil di Savona, unitamente ai lavoratori di tutte le categorie &#8211; proclamiamo lo stato di agitazione&#8221;.<\/p>\n<p>Intanto per sabato mattina alle ore 9:00 \u00e8 stata organizzata una assemblea sindacale che si terr\u00e0 presso la Societ\u00e0 Mutuo Soccorso della Valle di Vado, con al centro proprio la questione degli ammortizzatori sociali e degli strumenti a tutela dei lavoratori che i sindacati richiederanno in vista dell&#8217;incontro al Ministero del 9 aprile. Da domani al via anche una attivit\u00e0 di volantinaggio in vista dell&#8217;assemblea delle organizzazioni sindacali.<\/p>\n","protected":false},"excerpt":{"rendered":"<p>Savona. All&#8217;indomani della decisione di Tirreno Power di garantire la cassa integrazione solamente ai lavoratori della centrale e non a quelli dell&#8217;indotto, i sindacati ufficializzano la proclamazione dello stato di agitazione, scrivendo al Prefetto di Savona e alla Commissione di Garanzia per l\u2019attuazione della legge sullo sciopero nei servizi pubblici essenziali. &#8220;Visto il grave stato [&hellip;]<\/p>\n","protected":false},"author":13744,"featured_media":0,"comment_status":"open","ping_status":"closed","sticky":false,"template":"","format":"standard","meta":{"footnotes":""},"categories":[35],"tags":[2361,595,15297,3931,2253],"class_list":["post-260812","post","type-post","status-publish","format-standard","hentry","category-economia","tag-cisl","tag-crisi","tag-stato-di-agitazione","tag-tirreno-power","tag-uil","post_cat_citta-quiliano","post_cat_citta-savona","post_cat_citta-vado-ligure"],"amp_validity":null,"amp_enabled":true,"_links":{"self":[{"href":"https:\/\/staging.ivg.it\/ediapi\/wp\/v2\/posts\/260812","targetHints":{"allow":["GET"]}}],"collection":[{"href":"https:\/\/staging.ivg.it\/ediapi\/wp\/v2\/posts"}],"about":[{"href":"https:\/\/staging.ivg.it\/ediapi\/wp\/v2\/types\/post"}],"author":[{"embeddable":true,"href":"https:\/\/staging.ivg.it\/ediapi\/wp\/v2\/users\/13744"}],"replies":[{"embeddable":true,"href":"https:\/\/staging.ivg.it\/ediapi\/wp\/v2\/comments?post=260812"}],"version-history":[{"count":0,"href":"https:\/\/staging.ivg.it\/ediapi\/wp\/v2\/posts\/260812\/revisions"}],"wp:attachment":[{"href":"https:\/\/staging.ivg.it\/ediapi\/wp\/v2\/media?parent=260812"}],"wp:term":[{"taxonomy":"category","embeddable":true,"href":"https:\/\/staging.ivg.it\/ediapi\/wp\/v2\/categories?post=260812"},{"taxonomy":"post_tag","embeddable":true,"href":"https:\/\/staging.ivg.it\/ediapi\/wp\/v2\/tags?post=260812"}],"curies":[{"name":"wp","href":"https:\/\/api.w.org\/{rel}","templated":true}]}}