{"id":260607,"date":"2014-03-24T12:52:56","date_gmt":"2014-03-24T11:52:56","guid":{"rendered":"http:\/\/www.ivg.it\/?p=260607"},"modified":"2014-03-24T17:11:14","modified_gmt":"2014-03-24T16:11:14","slug":"finale-530-mila-euro-per-il-restyling-del-campo-sportivo-diventera-erba-sintetica","status":"publish","type":"post","link":"https:\/\/staging.ivg.it\/2014\/03\/finale-530-mila-euro-per-il-restyling-del-campo-sportivo-diventera-erba-sintetica\/","title":{"rendered":"Finale, 530 mila euro per il restyling del campo sportivo: diventer\u00e0 in erba sintetica"},"content":{"rendered":"<p><strong>Finale.<\/strong> Il campo sportivo &#8220;Borel&#8221; di Finale Ligure sar\u00e0 trasformato in sintetico. I lavori inizieranno la prossima estate e saranno completati in tempo utile per il prossimo campionato di calcio. Con un impegno economico di circa 530 mila euro, di cui 100 mila con contributo regionale, l&#8217;amministrazione comunale ha voluto risolvere un annoso problema che limitava di molto la praticabilit\u00e0 della struttura. <\/p>\n<p>&#8220;Il progetto seguito anche dall&#8217;assessore allo sport Massimo Gualberti &#8211; dice il vice sindaco assessore ai lavori pubblici Giovanni Ferrari &#8211; prevede il rifacimento totale del fondo con la sistemazione di manto erboso sintetico di ultima generazione. Il progetto include la nuova recinzione di oltre due metri a norma, il sistema di irrigazione e le porte da gioco. Il nuovo impianto \u00e8 stato progettato per rispondere a tutte le normative ed indicazioni della Lega Nazionale Dilettanti di calcio. Una volta agibile il comunale potr\u00e0 essere utilizzato in maniera massiccia anche dalle squadre giovanili e per gli allenamenti dando cosi una risposta alle numerose richiede che provengono dai dirigenti delle societ\u00e0&#8221;.<\/p>\n<p>&#8220;Attualmente il Borel era in erba &#8211; conclude Ferrari &#8211; una soluzione ottimale che ne limitava per\u00f2 enormemente l&#8217;uso. In una stagione particolarmente piovosa come \u00e8 stata la passata la struttura era molte volte al limite della praticabilit\u00e0 nonostante il limitatissimo utilizzo&#8221;.<\/p>\n","protected":false},"excerpt":{"rendered":"<p>Finale. Il campo sportivo &#8220;Borel&#8221; di Finale Ligure sar\u00e0 trasformato in sintetico. I lavori inizieranno la prossima estate e saranno completati in tempo utile per il prossimo campionato di calcio. Con un impegno economico di circa 530 mila euro, di cui 100 mila con contributo regionale, l&#8217;amministrazione comunale ha voluto risolvere un annoso problema che [&hellip;]<\/p>\n","protected":false},"author":13744,"featured_media":0,"comment_status":"open","ping_status":"closed","sticky":false,"template":"","format":"standard","meta":{"footnotes":""},"categories":[32],"tags":[2666,209,23227],"class_list":["post-260607","post","type-post","status-publish","format-standard","hentry","category-sport","tag-campo-sportivo","tag-finale","tag-giovanni-ferrari","post_cat_citta-andora","post_cat_citta-finale-ligure"],"amp_validity":null,"amp_enabled":true,"_links":{"self":[{"href":"https:\/\/staging.ivg.it\/ediapi\/wp\/v2\/posts\/260607","targetHints":{"allow":["GET"]}}],"collection":[{"href":"https:\/\/staging.ivg.it\/ediapi\/wp\/v2\/posts"}],"about":[{"href":"https:\/\/staging.ivg.it\/ediapi\/wp\/v2\/types\/post"}],"author":[{"embeddable":true,"href":"https:\/\/staging.ivg.it\/ediapi\/wp\/v2\/users\/13744"}],"replies":[{"embeddable":true,"href":"https:\/\/staging.ivg.it\/ediapi\/wp\/v2\/comments?post=260607"}],"version-history":[{"count":0,"href":"https:\/\/staging.ivg.it\/ediapi\/wp\/v2\/posts\/260607\/revisions"}],"wp:attachment":[{"href":"https:\/\/staging.ivg.it\/ediapi\/wp\/v2\/media?parent=260607"}],"wp:term":[{"taxonomy":"category","embeddable":true,"href":"https:\/\/staging.ivg.it\/ediapi\/wp\/v2\/categories?post=260607"},{"taxonomy":"post_tag","embeddable":true,"href":"https:\/\/staging.ivg.it\/ediapi\/wp\/v2\/tags?post=260607"}],"curies":[{"name":"wp","href":"https:\/\/api.w.org\/{rel}","templated":true}]}}