{"id":260421,"date":"2014-03-21T10:21:02","date_gmt":"2014-03-21T09:21:02","guid":{"rendered":"http:\/\/www.ivg.it\/?p=260421"},"modified":"2014-03-21T10:37:22","modified_gmt":"2014-03-21T09:37:22","slug":"lega-bruzzone-ad-albenga-massimo-impegno-per-difendere-la-caccia","status":"publish","type":"post","link":"https:\/\/staging.ivg.it\/2014\/03\/lega-bruzzone-ad-albenga-massimo-impegno-per-difendere-la-caccia\/","title":{"rendered":"Lega, Bruzzone ad Albenga: &#8220;Massimo impegno per difendere la caccia&#8221;"},"content":{"rendered":"<p><strong>Albenga.<\/strong> Una sala conferenze dell&#8217;Ortofrutticola gremita, ieri sera, per l\u2019incontro del consigliere regionale della Lega Nord dal titolo: &#8220;Come andremo a caccia la prossima stagione?&#8221;. Oltre duecento persone provenienti da Albenga e da tutto il comprensorio ingauno, al quale erano altres\u00ec presenti anche l&#8217;assessore Provinciale Roberto Sasso del Verme, il consigliere comunale di Ortovero Andrea Delfino, nonch\u00e9 il segretario provinciale della Lega Nord (nonch\u00e9 ex assessore alla caccia) Paolo Ripamonti e l&#8217;ex sindaco di Albenga Rosy Guarnieri.<\/p>\n<p>Tra gli argomenti trattati nel corso dell&#8217;incontro, la questione del calendario venatorio per la prossima stagione (&#8220;Non possiamo permettere che si ripeta la vergogna dello scorso anno, dove per colpa dei ricorsi &#8211; poi rivelatisi strumentali &#8211; abbiamo perso il periodo migliore della caccia&#8221;), l&#8217;iter del piano faunistico venatorio provinciale, in fase di approvazione in Provincia di Savona e in altri territori, la modifica della legge regionale sulla caccia (&#8220;Il calendario venatorio deve essere approvato da legge regionale, come si faceva un tempo. \u00c8 una battaglia che sto portando avanti&#8221;), e la caccia in deroga. Particolare attenzione, da parte del Consigliere Regionale, \u00e8 stata dedicata alle differenze normative che sussistono tra paesi europei, in materia: &#8220;Per noi, se Ventimiglia \u00e8 in Italia, la vicina Mentone \u00e8 in Australia, non in Francia, perch\u00e9 i due paesi, anche se confinanti, distano anni luce in fatto di legge sulla caccia. Sarebbe questa l&#8217;Europa unita? Se \u00e8 cos\u00ec, l&#8217;Europa \u00e8 una pagliacciata&#8221;.<\/p>\n<p>Non sono mancati gli spunti e gli interventi da parte dei tanti partecipanti, che hanno voluto approfondire nel dettaglio diversi aspetti dell&#8217;attivit\u00e0 venatoria. In pi\u00f9 di un&#8217;occasione, l&#8217;intervento di Francesco Bruzzone \u00e8 stato interrotto dagli applausi. &#8220;La serata di Albenga \u00e8 stata un successo, tante le idee e le proposte emerse nel corso dell&#8217;incontro, c\u2019\u00e8 molto ancora il lavoro da fare. A tutti i presenti, che ringrazio per aver partecipato, ho garantito il mio costante e massimo impegno per difendere la nostra passione, a tutti i livelli, da chi vuole fermare la caccia, e da questa Europa che, anzich\u00e9 migliorare le cose, le peggiora solamente&#8221; ha commentato il consigliere regionale.<\/p>\n","protected":false},"excerpt":{"rendered":"<p>Albenga. Una sala conferenze dell&#8217;Ortofrutticola gremita, ieri sera, per l\u2019incontro del consigliere regionale della Lega Nord dal titolo: &#8220;Come andremo a caccia la prossima stagione?&#8221;. Oltre duecento persone provenienti da Albenga e da tutto il comprensorio ingauno, al quale erano altres\u00ec presenti anche l&#8217;assessore Provinciale Roberto Sasso del Verme, il consigliere comunale di Ortovero Andrea [&hellip;]<\/p>\n","protected":false},"author":13744,"featured_media":0,"comment_status":"open","ping_status":"closed","sticky":false,"template":"","format":"standard","meta":{"footnotes":""},"categories":[31],"tags":[85841,899,3215,630,10714,6607],"class_list":["post-260421","post","type-post","status-publish","format-standard","hentry","category-politica","tag-albenga","tag-caccia","tag-francesco-bruzzone","tag-lega-nord","tag-paolo-ripamonti","tag-rosy-guarnieri","post_cat_citta-albenga","post_cat_citta-andora"],"amp_validity":null,"amp_enabled":true,"_links":{"self":[{"href":"https:\/\/staging.ivg.it\/ediapi\/wp\/v2\/posts\/260421","targetHints":{"allow":["GET"]}}],"collection":[{"href":"https:\/\/staging.ivg.it\/ediapi\/wp\/v2\/posts"}],"about":[{"href":"https:\/\/staging.ivg.it\/ediapi\/wp\/v2\/types\/post"}],"author":[{"embeddable":true,"href":"https:\/\/staging.ivg.it\/ediapi\/wp\/v2\/users\/13744"}],"replies":[{"embeddable":true,"href":"https:\/\/staging.ivg.it\/ediapi\/wp\/v2\/comments?post=260421"}],"version-history":[{"count":0,"href":"https:\/\/staging.ivg.it\/ediapi\/wp\/v2\/posts\/260421\/revisions"}],"wp:attachment":[{"href":"https:\/\/staging.ivg.it\/ediapi\/wp\/v2\/media?parent=260421"}],"wp:term":[{"taxonomy":"category","embeddable":true,"href":"https:\/\/staging.ivg.it\/ediapi\/wp\/v2\/categories?post=260421"},{"taxonomy":"post_tag","embeddable":true,"href":"https:\/\/staging.ivg.it\/ediapi\/wp\/v2\/tags?post=260421"}],"curies":[{"name":"wp","href":"https:\/\/api.w.org\/{rel}","templated":true}]}}