{"id":260212,"date":"2014-03-19T09:02:09","date_gmt":"2014-03-19T08:02:09","guid":{"rendered":"http:\/\/www.ivg.it\/?p=260212"},"modified":"2014-03-19T13:25:52","modified_gmt":"2014-03-19T12:25:52","slug":"elezioni-cosseria-si-candida-anche-roberto-molinaro-ora-e-corsa-tre","status":"publish","type":"post","link":"https:\/\/staging.ivg.it\/2014\/03\/elezioni-cosseria-si-candida-anche-roberto-molinaro-ora-e-corsa-tre\/","title":{"rendered":"Elezioni Cosseria, si candida anche Roberto Molinaro: ora \u00e8 corsa a tre"},"content":{"rendered":"<p><strong>Cosseria.<\/strong> Un nuovo competitor sulla griglia di partenza per le prossime elezioni amministrative. E&#8217; stata infatti ufficializzata la candidatura di Roberto Molinaro, presidente della Pro loco in carica, a capo di una terza coalizione, oltre alle due fino ad oggi rese note: quella guidata dal primo cittadino uscente Andrea Berruti e quella voluta da Dario Bacino, attuale consigliere di minoranza.<\/p>\n<p>Spiga Molinaro: &#8220;La decisione di scendere in campo \u00e8 stata motivata dalla volont\u00e0 del mio gruppo di mettersi a servizio del paese fornendo la propria competenza ed esperienza, professionale e personale, per migliorare la qualit\u00e0 della vita di Cosseria. Comune in cui viviamo e sulla cui potenzialit\u00e0, molte ancora inespresse o sopite, crediamo fermamente&#8221;.<\/p>\n<p>&#8220;La mia squadra &#8211; prosegue Molinaro &#8211; di indubbia matrice civica rappresenta uno spaccato della nostra comunit\u00e0, infatti pu\u00f2 contare su esponenti di diverse et\u00e0, donne e professionisti impiegati in diversi settori, in grado di offrire le competenze. Attualmente stiamo stilando il programma dettagliato delle nostre linee di governo e degli interventi che riteniamo pi\u00f9 importanti e urgenti per il nostro territorio&#8221;.<\/p>\n<p>Discorso pressoch\u00e9 chiuso anche per quanto concerne la lista dell&#8217;attuale sindaco Andrea Berruti che spiega: &#8220;Al momento la mia compagine \u00e8 ultimata e pu\u00f2 contare su un 80% di nomi facenti parte dell&#8217;attuale maggioranza, con alcuni innesti di forze giovani che sono sicuro sapranno apportare nuova linfa e idee. L&#8217;unica incertezza \u00e8 ancora legata alla possibilit\u00e0 che il Governo approvi il superamento del secondo mandato e l&#8217;allargamento del consiglio comunale, ridotto recentemente, che riporterebbe il numero di consiglieri candidabili a dieci e non a sei come previsto dalla normativa attualmente in vigore&#8221;.<\/p>\n<p>Al lavoro per la formazione della propria lista anche Dario Bacino che ribadisce come &#8220;la mia com\u00ad\u00adpagine vuole essere &#8216;l&#8217;alternativa&#8217; all&#8217;attuale modo di fare politica e gestire la cosa pubblica. Al momento non \u00e8 ancora stato ufficializzato il nome del capolista, in quanto sar\u00e0 la squadra a designare nel modo pi\u00f9 democratico possibile il proprio aspirante alla carica di primo cittadino. Io per il momento sto solo tirando le fila del discorso per dare vita a un gruppo amalgamato in grado di lavorare insie\u00adme in modo costruttivo e proficuo&#8221;.<\/p>\n<p>                                                <strong>In collaborazione con il &#8220;Corriere Val Bormida&#8221;<\/strong><em><\/p>\n","protected":false},"excerpt":{"rendered":"<p>Cosseria. Un nuovo competitor sulla griglia di partenza per le prossime elezioni amministrative. E&#8217; stata infatti ufficializzata la candidatura di Roberto Molinaro, presidente della Pro loco in carica, a capo di una terza coalizione, oltre alle due fino ad oggi rese note: quella guidata dal primo cittadino uscente Andrea Berruti e quella voluta da Dario [&hellip;]<\/p>\n","protected":false},"author":13744,"featured_media":0,"comment_status":"open","ping_status":"closed","sticky":false,"template":"","format":"standard","meta":{"footnotes":""},"categories":[31],"tags":[5796,85902,52695],"class_list":["post-260212","post","type-post","status-publish","format-standard","hentry","category-politica","tag-andrea-berruti","tag-cosseria","tag-roberto-molinaro","post_cat_citta-cosseria"],"amp_validity":null,"amp_enabled":true,"_links":{"self":[{"href":"https:\/\/staging.ivg.it\/ediapi\/wp\/v2\/posts\/260212","targetHints":{"allow":["GET"]}}],"collection":[{"href":"https:\/\/staging.ivg.it\/ediapi\/wp\/v2\/posts"}],"about":[{"href":"https:\/\/staging.ivg.it\/ediapi\/wp\/v2\/types\/post"}],"author":[{"embeddable":true,"href":"https:\/\/staging.ivg.it\/ediapi\/wp\/v2\/users\/13744"}],"replies":[{"embeddable":true,"href":"https:\/\/staging.ivg.it\/ediapi\/wp\/v2\/comments?post=260212"}],"version-history":[{"count":0,"href":"https:\/\/staging.ivg.it\/ediapi\/wp\/v2\/posts\/260212\/revisions"}],"wp:attachment":[{"href":"https:\/\/staging.ivg.it\/ediapi\/wp\/v2\/media?parent=260212"}],"wp:term":[{"taxonomy":"category","embeddable":true,"href":"https:\/\/staging.ivg.it\/ediapi\/wp\/v2\/categories?post=260212"},{"taxonomy":"post_tag","embeddable":true,"href":"https:\/\/staging.ivg.it\/ediapi\/wp\/v2\/tags?post=260212"}],"curies":[{"name":"wp","href":"https:\/\/api.w.org\/{rel}","templated":true}]}}