{"id":260123,"date":"2014-03-18T11:24:35","date_gmt":"2014-03-18T10:24:35","guid":{"rendered":"http:\/\/www.ivg.it\/?p=260123"},"modified":"2014-03-18T18:14:37","modified_gmt":"2014-03-18T17:14:37","slug":"elezioni-albenga-cera-una-volta-forza-italia-con-lista-nucera-partito-spaccato","status":"publish","type":"post","link":"https:\/\/staging.ivg.it\/2014\/03\/elezioni-albenga-cera-una-volta-forza-italia-con-lista-nucera-partito-spaccato\/","title":{"rendered":"Elezioni Albenga, c&#8217;era una volta Forza Italia: con lista Nucera partito spaccato"},"content":{"rendered":"<p><strong>Albenga.<\/strong> Guarnieri forse. Schneck. Nucera, Schneck mai. Guarnieri non pi\u00f9. Nemmeno Schneck. Via Nucera. S\u00ec Guarnieri. Se non ci avete capito niente, sappiate che \u00e8 il resoconto, in estrema sintesi, di quanto accaduto negli ultimi due mesi nel centrodestra ingauno, alla disperata ricerca di un candidato &#8220;convincente&#8221;, in grado cio\u00e8 di unire tutti gli esponenti di Forza Italia e della Lega Nord.<\/p>\n<p>Tentativo che, ormai, sembra definitivamente fallito: Schneck si \u00e8 ritirato dalla corsa ma non dal partito, Nucera si \u00e8 ritirato dal partito ma non dalla corsa, e Guarnieri corre per tutti, o forse per pochi. L&#8217;unica parola in grado di racchiudere tutto sembra &#8220;confusione&#8221;. <\/p>\n<p>E alla fine il candidato potrebbe essere pi\u00f9 di uno: quello ufficiale, l&#8217;ex sindaco Rosy Guarnieri, appoggiata dalle direzioni, che correr\u00e0 con i loghi dei partiti; e il &#8220;trombato&#8221;, Massimiliano Nucera, appoggiato da parte del partito locale, che pare orientato a mettersi a capo di una lista civica con dentro, per\u00f2, una fetta di Forza Italia.<\/p>\n<p>S\u00ec, perch\u00e9 il &#8220;pasticciaccio brutto&#8221; risiede principalmente nel partito del Cavaliere. L&#8217;alleato, la Lega, non ha mai vacillato: sostegno totale a Guarnieri, disponibilit\u00e0 a fare un passo indietro su un candidato forzista come Nucera, nessuna disponibilit\u00e0 a farlo per Schneck. E, giusta o sbagliata che la si possa considerare, la versione non \u00e8 mai cambiata.<\/p>\n<p>I forzisti, al contrario, hanno giocato al risiko politico per due mesi. Il presidente della provincia Angelo Vaccarezza ha lanciato la candidatura di Roberto Schneck: &#8220;Solo con lui si vince&#8221;. Ma da una parte del partito \u00e8 arrivato il boicottaggio: &#8220;Noi vogliamo Nucera&#8221;. E gi\u00f9 di post su Facebook, mentre Biasotti guardava sconsolato senza riuscire a far ragionare nessuno e Scajola invitava tutti a comportarsi come se fossero un gruppo. <\/p>\n<p>Risultato: mentre Schneck si \u00e8 ritirato dalla competizione ascoltando i consigli dell&#8217;ex ministro, Nucera si \u00e8 ritirato da un partito definito &#8220;di contamusse&#8221; in un durissimo attacco. E la candidatura \u00e8 tornata al pi\u00f9 compatto Carroccio.<\/p>\n<p>A questo punto la lotta &#8220;fratricida&#8221; potrebbe arrivare fino alle urne: Nucera sembra pronto a fare &#8220;campagna acquisti&#8221; per candidarsi comunque con una sua lista. E buona parte delle sue fila arriverebbe proprio da Forza Italia: mentre Ciangherotti e Lugani rimarrebbero con la Zarina, Marino e molti della &#8220;Giovane Albenga&#8221; sembrano pronti a sposare la causa dell&#8217;ex vicesindaco. Con cui andrebbe anche il Nuovo Centro Destra.<\/p>\n<p>Il rischio molto concreto \u00e8 quello di spartirsi i voti e spaccare in due l&#8217;elettorato. Consegnando la vittoria in mano a Giorgio Cangiano che, dall&#8217;altra parte del vetro, gongola&#8230;<\/p>\n","protected":false},"excerpt":{"rendered":"<p>Albenga. Guarnieri forse. Schneck. Nucera, Schneck mai. Guarnieri non pi\u00f9. Nemmeno Schneck. Via Nucera. S\u00ec Guarnieri. Se non ci avete capito niente, sappiate che \u00e8 il resoconto, in estrema sintesi, di quanto accaduto negli ultimi due mesi nel centrodestra ingauno, alla disperata ricerca di un candidato &#8220;convincente&#8221;, in grado cio\u00e8 di unire tutti gli esponenti [&hellip;]<\/p>\n","protected":false},"author":10593,"featured_media":0,"comment_status":"open","ping_status":"closed","sticky":false,"template":"","format":"standard","meta":{"footnotes":""},"categories":[31],"tags":[85841,50768,505,23973,3039,6607],"class_list":["post-260123","post","type-post","status-publish","format-standard","hentry","category-politica","tag-albenga","tag-elezioni-albenga","tag-forza-italia","tag-massimiliano-nucera","tag-roberto-schneck","tag-rosy-guarnieri","post_cat_citta-albenga"],"amp_validity":null,"amp_enabled":true,"_links":{"self":[{"href":"https:\/\/staging.ivg.it\/ediapi\/wp\/v2\/posts\/260123","targetHints":{"allow":["GET"]}}],"collection":[{"href":"https:\/\/staging.ivg.it\/ediapi\/wp\/v2\/posts"}],"about":[{"href":"https:\/\/staging.ivg.it\/ediapi\/wp\/v2\/types\/post"}],"author":[{"embeddable":true,"href":"https:\/\/staging.ivg.it\/ediapi\/wp\/v2\/users\/10593"}],"replies":[{"embeddable":true,"href":"https:\/\/staging.ivg.it\/ediapi\/wp\/v2\/comments?post=260123"}],"version-history":[{"count":0,"href":"https:\/\/staging.ivg.it\/ediapi\/wp\/v2\/posts\/260123\/revisions"}],"wp:attachment":[{"href":"https:\/\/staging.ivg.it\/ediapi\/wp\/v2\/media?parent=260123"}],"wp:term":[{"taxonomy":"category","embeddable":true,"href":"https:\/\/staging.ivg.it\/ediapi\/wp\/v2\/categories?post=260123"},{"taxonomy":"post_tag","embeddable":true,"href":"https:\/\/staging.ivg.it\/ediapi\/wp\/v2\/tags?post=260123"}],"curies":[{"name":"wp","href":"https:\/\/api.w.org\/{rel}","templated":true}]}}